{"id":5860,"date":"2025-04-10T23:20:23","date_gmt":"2025-04-10T17:50:23","guid":{"rendered":"https:\/\/www.le-mag-travaux.com\/blog\/installation-eclairage-ces-erreurs-qui-font-exploser-votre-facture-delectricite"},"modified":"2025-04-10T23:20:23","modified_gmt":"2025-04-10T17:50:23","slug":"installation-eclairage-ces-erreurs-qui-font-exploser-votre-facture-delectricite","status":"publish","type":"post","link":"https:\/\/www.le-mag-travaux.com\/blog\/installation-eclairage-ces-erreurs-qui-font-exploser-votre-facture-delectricite","title":{"rendered":"Installation \u00e9clairage : Ces erreurs qui font exploser votre facture d\u2019\u00e9lectricit\u00e9"},"content":{"rendered":"<p>Dans un contexte o\u00f9 les tarifs de l&rsquo;\u00e9nergie ne cessent d&rsquo;augmenter, il est imp\u00e9ratif d&rsquo;examiner de plus pr\u00e8s les erreurs d&rsquo;\u00e9clairage qui peuvent alourdir inutilement les factures d&rsquo;\u00e9lectricit\u00e9. \u00c9clairages inadapt\u00e9s, appareils mal utilis\u00e9s et n\u00e9gligences sont autant de facteurs qui peuvent transformer une simple installation en un v\u00e9ritable gouffre financier. Voici quelques erreurs fr\u00e9quentes \u00e0 \u00e9viter pour une consommation \u00e9nerg\u00e9tique ma\u00eetris\u00e9e.<\/p>\n\n<div id=\"ez-toc-container\" class=\"ez-toc-v2_0_82_2 counter-hierarchy ez-toc-counter ez-toc-custom ez-toc-container-direction\">\n<div class=\"ez-toc-title-container\">\n<div class=\"ez-toc-title ez-toc-toggle\" style=\"cursor:pointer\">Sommaire : <\/div>\n<span class=\"ez-toc-title-toggle\"><a href=\"#\" class=\"ez-toc-pull-right ez-toc-btn ez-toc-btn-xs ez-toc-btn-default ez-toc-toggle\" aria-label=\"Toggle Table of Content\"><span class=\"ez-toc-js-icon-con\"><span class=\"\"><span class=\"eztoc-hide\" style=\"display:none;\">Toggle<\/span><span class=\"ez-toc-icon-toggle-span\"><svg style=\"fill: #545454;color:#545454\" xmlns=\"http:\/\/www.w3.org\/2000\/svg\" class=\"list-377408\" width=\"20px\" height=\"20px\" viewBox=\"0 0 24 24\" fill=\"none\"><path d=\"M6 6H4v2h2V6zm14 0H8v2h12V6zM4 11h2v2H4v-2zm16 0H8v2h12v-2zM4 16h2v2H4v-2zm16 0H8v2h12v-2z\" fill=\"currentColor\"><\/path><\/svg><svg style=\"fill: #545454;color:#545454\" class=\"arrow-unsorted-368013\" xmlns=\"http:\/\/www.w3.org\/2000\/svg\" width=\"10px\" height=\"10px\" viewBox=\"0 0 24 24\" version=\"1.2\" baseProfile=\"tiny\"><path d=\"M18.2 9.3l-6.2-6.3-6.2 6.3c-.2.2-.3.4-.3.7s.1.5.3.7c.2.2.4.3.7.3h11c.3 0 .5-.1.7-.3.2-.2.3-.5.3-.7s-.1-.5-.3-.7zM5.8 14.7l6.2 6.3 6.2-6.3c.2-.2.3-.5.3-.7s-.1-.5-.3-.7c-.2-.2-.4-.3-.7-.3h-11c-.3 0-.5.1-.7.3-.2.2-.3.5-.3.7s.1.5.3.7z\"\/><\/svg><\/span><\/span><\/span><\/a><\/span><\/div>\n<nav><ul class='ez-toc-list ez-toc-list-level-1 ' ><li class='ez-toc-page-1 ez-toc-heading-level-2'><a class=\"ez-toc-link ez-toc-heading-1\" href=\"https:\/\/www.le-mag-travaux.com\/blog\/installation-eclairage-ces-erreurs-qui-font-exploser-votre-facture-delectricite\/#Les-appareils-electroniques-en-veille-lennemi-invisible\" >Les appareils \u00e9lectroniques en veille, l\u2019ennemi invisible<\/a><\/li><li class='ez-toc-page-1 ez-toc-heading-level-2'><a class=\"ez-toc-link ez-toc-heading-2\" href=\"https:\/\/www.le-mag-travaux.com\/blog\/installation-eclairage-ces-erreurs-qui-font-exploser-votre-facture-delectricite\/#Une-mauvaise-gestion-de-leclairage\" >Une mauvaise gestion de l\u2019\u00e9clairage<\/a><\/li><li class='ez-toc-page-1 ez-toc-heading-level-2'><a class=\"ez-toc-link ez-toc-heading-3\" href=\"https:\/\/www.le-mag-travaux.com\/blog\/installation-eclairage-ces-erreurs-qui-font-exploser-votre-facture-delectricite\/#Ne-pas-entretenir-ses-appareils-electromenagers\" >Ne pas entretenir ses appareils \u00e9lectrom\u00e9nagers<\/a><\/li><li class='ez-toc-page-1 ez-toc-heading-level-2'><a class=\"ez-toc-link ez-toc-heading-4\" href=\"https:\/\/www.le-mag-travaux.com\/blog\/installation-eclairage-ces-erreurs-qui-font-exploser-votre-facture-delectricite\/#Les-reflexes-a-adopter-pour-une-consommation-intelligente\" >Les r\u00e9flexes \u00e0 adopter pour une consommation intelligente<\/a><\/li><\/ul><\/nav><\/div>\n<h2 class=\"wp-block-heading\"><span class=\"ez-toc-section\" id=\"Les-appareils-electroniques-en-veille-lennemi-invisible\"><\/span>Les appareils \u00e9lectroniques en veille, l\u2019ennemi invisible<span class=\"ez-toc-section-end\"><\/span><\/h2>\n\n<p>La plupart des foyers utilisent de nombreux appareils \u00e9lectroniques au quotidien. Pourtant, beaucoup ne prennent pas conscience qu&rsquo;un grand nombre d&rsquo;entre eux continuent de consommer de l\u2019\u00e9lectricit\u00e9, m\u00eame en mode veille. Ces consommations fant\u00f4mes peuvent repr\u00e9senter jusqu&rsquo;\u00e0 11 % de la consommation \u00e9nerg\u00e9tique d&rsquo;un foyer.<\/p>\n\n\n\n<ul class=\"wp-block-list\"><li>T\u00e9l\u00e9vision<\/li><li>Ordinateur<\/li><li>Modem Internet<\/li><li>Appareils de cuisine programmables<\/li><\/ul>\n\n<p>Pour diminuer cette consommation, il est recommand\u00e9 d&rsquo;investir dans des <strong>multiprises intelligentes<\/strong>, disponibles dans les enseignes comme Leroy Merlin ou Castorama. Ces dispositifs permettent de couper l&rsquo;alimentation de plusieurs appareils en veille d&rsquo;un simple geste.<\/p>\n\n<figure class=\"wp-block-table\"><table>\n<thead>\n<tr>\n<th>Appareil<\/th>\n<th>Consommation en veille<\/th>\n<\/tr>\n<\/thead>\n<tbody>\n<tr>\n<td>T\u00e9l\u00e9viseur<\/td>\n<td>10% de sa consommation totale<\/td>\n<\/tr>\n<tr>\n<td>Ordinateur<\/td>\n<td>3-5W<\/td>\n<\/tr>\n<tr>\n<td>Modem Internet<\/td>\n<td>5-10W<\/td>\n<\/tr>\n<\/tbody>\n<\/table><\/figure>\n\n<h2 class=\"wp-block-heading\"><span class=\"ez-toc-section\" id=\"Une-mauvaise-gestion-de-leclairage\"><\/span>Une mauvaise gestion de l\u2019\u00e9clairage<span class=\"ez-toc-section-end\"><\/span><\/h2>\n\n<p>Le choix et l\u2019utilisation de l\u2019\u00e9clairage jouent un r\u00f4le cl\u00e9 dans la ma\u00eetrise de vos factures. L\u2019ampoule est un \u00e9l\u00e9ment essentiel mais souvent n\u00e9glig\u00e9, potentiellement \u00e0 l\u2019origine de d\u00e9penses inadapt\u00e9es. Passer aux ampoules LED, qui consomment jusqu\u2019\u00e0 80 % d\u2019\u00e9nergie en moins compar\u00e9es aux ampoules incandescentes, repr\u00e9sente un geste simple et \u00e9conomique.<\/p>\n\n\n\n<ul class=\"wp-block-list\"><li>Opter pour des ampoules LED de marques reconnues comme Philips ou Osram<\/li><li>Utiliser des variateurs d&rsquo;intensit\u00e9<\/li><li>Profiter de la lumi\u00e8re naturelle autant que possible<\/li><\/ul>\n\n<p>En effet, r\u00e9organiser les espaces pour maximiser la lumi\u00e8re naturelle et utiliser de larges fen\u00eatres ou des miroirs r\u00e9fl\u00e9chissants sont d\u2019autres solutions efficaces pour r\u00e9duire la d\u00e9pendance aux \u00e9clairages artificiels.<\/p>\n\n<figure class=\"wp-block-table\"><table>\n<thead>\n<tr>\n<th>Type d\u2019ampoule<\/th>\n<th>Consommation<\/th>\n<th>Dur\u00e9e de vie<\/th>\n<\/tr>\n<\/thead>\n<tbody>\n<tr>\n<td>Incandescente<\/td>\n<td>60W<\/td>\n<td>1000 heures<\/td>\n<\/tr>\n<tr>\n<td>Halog\u00e8ne<\/td>\n<td>50W<\/td>\n<td>2000 heures<\/td>\n<\/tr>\n<tr>\n<td>LED<\/td>\n<td>10W<\/td>\n<td>25000 heures<\/td>\n<\/tr>\n<\/tbody>\n<\/table><\/figure>\n\n<h2 class=\"wp-block-heading\"><span class=\"ez-toc-section\" id=\"Ne-pas-entretenir-ses-appareils-electromenagers\"><\/span>Ne pas entretenir ses appareils \u00e9lectrom\u00e9nagers<span class=\"ez-toc-section-end\"><\/span><\/h2>\n\n<p>Un r\u00e9frig\u00e9rateur encrass\u00e9 ou mal d\u00e9givr\u00e9, par exemple, consomme plus d&rsquo;\u00e9nergie pour maintenir la temp\u00e9rature requise. Il est crucial de prendre soin de ses \u00e9quipements.<\/p>\n\n\n\n<ul class=\"wp-block-list\"><li>Nettoyer r\u00e9guli\u00e8rement les joints du r\u00e9frig\u00e9rateur<\/li><li>D\u00e9neiger l\u2019arri\u00e8re de l\u2019appareil<\/li><li>Ajuster la temp\u00e9rature (4\u00b0C pour le frigo, -18\u00b0C pour le cong\u00e9lateur)<\/li><\/ul>\n\n<p>Cette attention peut aboutir \u00e0 des \u00e9conomies significatives sur le long terme et r\u00e9duire la facture d\u2019\u00e9lectricit\u00e9.<\/p>\n\n<figure class=\"wp-block-table\"><table>\n<thead>\n<tr>\n<th>Appareil<\/th>\n<th>Temp\u00e9rature recommand\u00e9e<\/th>\n<\/tr>\n<\/thead>\n<tbody>\n<tr>\n<td>R\u00e9frig\u00e9rateur<\/td>\n<td>4\u00b0C<\/td>\n<\/tr>\n<tr>\n<td>Cong\u00e9lateur<\/td>\n<td>-18\u00b0C<\/td>\n<\/tr>\n<\/tbody>\n<\/table><\/figure>\n\n<h2 class=\"wp-block-heading\"><span class=\"ez-toc-section\" id=\"Les-reflexes-a-adopter-pour-une-consommation-intelligente\"><\/span>Les r\u00e9flexes \u00e0 adopter pour une consommation intelligente<span class=\"ez-toc-section-end\"><\/span><\/h2>\n\n<p>Au quotidien, certaines actions simples comme \u00e9teindre les lumi\u00e8res inutilis\u00e9es ou programmer les appareils de fa\u00e7on appropri\u00e9e peuvent am\u00e9liorer votre situation. \u00c9teindre les lumi\u00e8res lorsque l\u2019on sort d\u2019une pi\u00e8ce est un petit geste qui peut faire la diff\u00e9rence sur le long terme.<\/p>\n\n<figure class=\"is-provider-youtube is-type-video wp-block-embed wp-block-embed-youtube wp-embed-aspect-16-9 wp-has-aspect-ratio\"><div class=\"wp-block-embed__wrapper\">\n<iframe title=\"Ce Policier Pi\u00e8ge Les Voleurs !\" width=\"500\" height=\"281\" src=\"https:\/\/www.youtube.com\/embed\/lJu_rB4nDQk?feature=oembed\" frameborder=\"0\" allow=\"accelerometer; autoplay; clipboard-write; encrypted-media; gyroscope; picture-in-picture; web-share\" referrerpolicy=\"strict-origin-when-cross-origin\" allowfullscreen><\/iframe>\n<\/div><\/figure>\n\n<ul class=\"wp-block-list\"><li>Utiliser un programmateur pour le chauffage<\/li><li>Profiter des heures creuses pour faire fonctionner les appareils \u00e9lectrom\u00e9nagers<\/li><li>Instaurer des pratiques \u00e9coresponsables dans votre routine quotidienne<\/li><\/ul>\n\n<p>Des technologies de pointe, comme celles offertes par Schneider Electric ou Engie, permettent \u00e9galement de suivre et d\u2019optimiser sa consommation d\u2019\u00e9lectricit\u00e9 en temps r\u00e9el.<\/p>\n\n<figure class=\"wp-block-table\"><table>\n<thead>\n<tr>\n<th>Mesure<\/th>\n<th>Impact sur la facture<\/th>\n<\/tr>\n<\/thead>\n<tbody>\n<tr>\n<td>\u00c9teindre les lumi\u00e8res inutilis\u00e9es<\/td>\n<td>\u00c9conomie de 10-15%<\/td>\n<\/tr>\n<tr>\n<td>Utiliser des appareils programmables<\/td>\n<td>\u00c9conomie de 20%<\/td>\n<\/tr>\n<tr>\n<td>Remplacer les ampoules<\/td>\n<td>\u00c9conomie de 30%<\/td>\n<\/tr>\n<\/tbody>\n<\/table><\/figure>\n\n","protected":false},"excerpt":{"rendered":"<p>Dans un contexte o\u00f9 les tarifs de l&rsquo;\u00e9nergie ne cessent d&rsquo;augmenter, il est imp\u00e9ratif d&rsquo;examiner de plus pr\u00e8s les erreurs [&hellip;]<\/p>\n","protected":false},"author":7,"featured_media":0,"comment_status":"open","ping_status":"close","sticky":false,"template":"","format":"standard","meta":{"site-sidebar-layout":"default","site-content-layout":"","ast-site-content-layout":"default","site-content-style":"default","site-sidebar-style":"default","ast-global-header-display":"","ast-banner-title-visibility":"","ast-main-header-display":"","ast-hfb-above-header-display":"","ast-hfb-below-header-display":"","ast-hfb-mobile-header-display":"","site-post-title":"","ast-breadcrumbs-content":"","ast-featured-img":"","footer-sml-layout":"","ast-disable-related-posts":"","theme-transparent-header-meta":"","adv-header-id-meta":"","stick-header-meta":"","header-above-stick-meta":"","header-main-stick-meta":"","header-below-stick-meta":"","astra-migrate-meta-layouts":"default","ast-page-background-enabled":"default","ast-page-background-meta":{"desktop":{"background-color":"var(--ast-global-color-4)","background-image":"","background-repeat":"repeat","background-position":"center center","background-size":"auto","background-attachment":"scroll","background-type":"","background-media":"","overlay-type":"","overlay-color":"","overlay-opacity":"","overlay-gradient":""},"tablet":{"background-color":"","background-image":"","background-repeat":"repeat","background-position":"center center","background-size":"auto","background-attachment":"scroll","background-type":"","background-media":"","overlay-type":"","overlay-color":"","overlay-opacity":"","overlay-gradient":""},"mobile":{"background-color":"","background-image":"","background-repeat":"repeat","background-position":"center center","background-size":"auto","background-attachment":"scroll","background-type":"","background-media":"","overlay-type":"","overlay-color":"","overlay-opacity":"","overlay-gradient":""}},"ast-content-background-meta":{"desktop":{"background-color":"var(--ast-global-color-5)","background-image":"","background-repeat":"repeat","background-position":"center center","background-size":"auto","background-attachment":"scroll","background-type":"","background-media":"","overlay-type":"","overlay-color":"","overlay-opacity":"","overlay-gradient":""},"tablet":{"background-color":"var(--ast-global-color-5)","background-image":"","background-repeat":"repeat","background-position":"center center","background-size":"auto","background-attachment":"scroll","background-type":"","background-media":"","overlay-type":"","overlay-color":"","overlay-opacity":"","overlay-gradient":""},"mobile":{"background-color":"var(--ast-global-color-5)","background-image":"","background-repeat":"repeat","background-position":"center center","background-size":"auto","background-attachment":"scroll","background-type":"","background-media":"","overlay-type":"","overlay-color":"","overlay-opacity":"","overlay-gradient":""}},"footnotes":""},"categories":[1537],"tags":[],"class_list":["post-5860","post","type-post","status-publish","format-standard","hentry","category-chaleur-courant"],"_links":{"self":[{"href":"https:\/\/www.le-mag-travaux.com\/blog\/wp-json\/wp\/v2\/posts\/5860","targetHints":{"allow":["GET"]}}],"collection":[{"href":"https:\/\/www.le-mag-travaux.com\/blog\/wp-json\/wp\/v2\/posts"}],"about":[{"href":"https:\/\/www.le-mag-travaux.com\/blog\/wp-json\/wp\/v2\/types\/post"}],"author":[{"embeddable":true,"href":"https:\/\/www.le-mag-travaux.com\/blog\/wp-json\/wp\/v2\/users\/7"}],"replies":[{"embeddable":true,"href":"https:\/\/www.le-mag-travaux.com\/blog\/wp-json\/wp\/v2\/comments?post=5860"}],"version-history":[{"count":0,"href":"https:\/\/www.le-mag-travaux.com\/blog\/wp-json\/wp\/v2\/posts\/5860\/revisions"}],"wp:attachment":[{"href":"https:\/\/www.le-mag-travaux.com\/blog\/wp-json\/wp\/v2\/media?parent=5860"}],"wp:term":[{"taxonomy":"category","embeddable":true,"href":"https:\/\/www.le-mag-travaux.com\/blog\/wp-json\/wp\/v2\/categories?post=5860"},{"taxonomy":"post_tag","embeddable":true,"href":"https:\/\/www.le-mag-travaux.com\/blog\/wp-json\/wp\/v2\/tags?post=5860"}],"curies":[{"name":"wp","href":"https:\/\/api.w.org\/{rel}","templated":true}]}}