{"id":6020,"date":"2025-08-05T17:04:48","date_gmt":"2025-08-05T11:34:48","guid":{"rendered":"https:\/\/www.le-mag-travaux.com\/blog\/electricite-des-parties-communes-qui-paie-quoi-et-comment-reduire-la-facture"},"modified":"2025-08-05T17:04:48","modified_gmt":"2025-08-05T11:34:48","slug":"electricite-des-parties-communes-qui-paie-quoi-et-comment-reduire-la-facture","status":"publish","type":"post","link":"https:\/\/www.le-mag-travaux.com\/blog\/electricite-des-parties-communes-qui-paie-quoi-et-comment-reduire-la-facture","title":{"rendered":"\u00c9lectricit\u00e9 des parties communes : Qui paie quoi et comment r\u00e9duire la facture ?"},"content":{"rendered":"<p>La gestion de l&rsquo;\u00e9lectricit\u00e9 dans les parties communes des immeubles est un sujet crucial pour les copropri\u00e9taires. Face \u00e0 des factures de plus en plus \u00e9lev\u00e9es, il est essentiel de comprendre qui paie pour quelle consommation et comment optimiser ces co\u00fbts. En France, la consommation d&rsquo;\u00e9lectricit\u00e9 a atteint des niveaux \u00e9lev\u00e9s, notamment dans le secteur r\u00e9sidentiel o\u00f9 environ un tiers de l&rsquo;\u00e9nergie est utilis\u00e9e. Comprendre les enjeux li\u00e9s \u00e0 cette consommation permet non seulement de ma\u00eetriser les d\u00e9penses, mais \u00e9galement de prendre des d\u00e9cisions \u00e9clair\u00e9es pour r\u00e9duire les impacts environnementaux.<\/p>\n\n<div id=\"ez-toc-container\" class=\"ez-toc-v2_0_82_2 counter-hierarchy ez-toc-counter ez-toc-custom ez-toc-container-direction\">\n<div class=\"ez-toc-title-container\">\n<div class=\"ez-toc-title ez-toc-toggle\" style=\"cursor:pointer\">Sommaire : <\/div>\n<span class=\"ez-toc-title-toggle\"><a href=\"#\" class=\"ez-toc-pull-right ez-toc-btn ez-toc-btn-xs ez-toc-btn-default ez-toc-toggle\" aria-label=\"Toggle Table of Content\"><span class=\"ez-toc-js-icon-con\"><span class=\"\"><span class=\"eztoc-hide\" style=\"display:none;\">Toggle<\/span><span class=\"ez-toc-icon-toggle-span\"><svg style=\"fill: #545454;color:#545454\" xmlns=\"http:\/\/www.w3.org\/2000\/svg\" class=\"list-377408\" width=\"20px\" height=\"20px\" viewBox=\"0 0 24 24\" fill=\"none\"><path d=\"M6 6H4v2h2V6zm14 0H8v2h12V6zM4 11h2v2H4v-2zm16 0H8v2h12v-2zM4 16h2v2H4v-2zm16 0H8v2h12v-2z\" fill=\"currentColor\"><\/path><\/svg><svg style=\"fill: #545454;color:#545454\" class=\"arrow-unsorted-368013\" xmlns=\"http:\/\/www.w3.org\/2000\/svg\" width=\"10px\" height=\"10px\" viewBox=\"0 0 24 24\" version=\"1.2\" baseProfile=\"tiny\"><path d=\"M18.2 9.3l-6.2-6.3-6.2 6.3c-.2.2-.3.4-.3.7s.1.5.3.7c.2.2.4.3.7.3h11c.3 0 .5-.1.7-.3.2-.2.3-.5.3-.7s-.1-.5-.3-.7zM5.8 14.7l6.2 6.3 6.2-6.3c.2-.2.3-.5.3-.7s-.1-.5-.3-.7c-.2-.2-.4-.3-.7-.3h-11c-.3 0-.5.1-.7.3-.2.2-.3.5-.3.7s.1.5.3.7z\"\/><\/svg><\/span><\/span><\/span><\/a><\/span><\/div>\n<nav><ul class='ez-toc-list ez-toc-list-level-1 ' ><li class='ez-toc-page-1 ez-toc-heading-level-2'><a class=\"ez-toc-link ez-toc-heading-1\" href=\"https:\/\/www.le-mag-travaux.com\/blog\/electricite-des-parties-communes-qui-paie-quoi-et-comment-reduire-la-facture\/#Comprendre-la-repartition-des-couts-de-lelectricite-dans-les-parties-communes\" >Comprendre la r\u00e9partition des co\u00fbts de l&rsquo;\u00e9lectricit\u00e9 dans les parties communes<\/a><ul class='ez-toc-list-level-3' ><li class='ez-toc-heading-level-3'><a class=\"ez-toc-link ez-toc-heading-2\" href=\"https:\/\/www.le-mag-travaux.com\/blog\/electricite-des-parties-communes-qui-paie-quoi-et-comment-reduire-la-facture\/#Les-enjeux-environnementaux-et-financiers\" >Les enjeux environnementaux et financiers<\/a><\/li><\/ul><\/li><li class='ez-toc-page-1 ez-toc-heading-level-2'><a class=\"ez-toc-link ez-toc-heading-3\" href=\"https:\/\/www.le-mag-travaux.com\/blog\/electricite-des-parties-communes-qui-paie-quoi-et-comment-reduire-la-facture\/#Optimiser-les-depenses-electriques-dans-les-parties-communes\" >Optimiser les d\u00e9penses \u00e9lectriques dans les parties communes<\/a><ul class='ez-toc-list-level-3' ><li class='ez-toc-heading-level-3'><a class=\"ez-toc-link ez-toc-heading-4\" href=\"https:\/\/www.le-mag-travaux.com\/blog\/electricite-des-parties-communes-qui-paie-quoi-et-comment-reduire-la-facture\/#Cartographier-la-consommation-pour-mieux-agir\" >Cartographier la consommation pour mieux agir<\/a><\/li><\/ul><\/li><li class='ez-toc-page-1 ez-toc-heading-level-2'><a class=\"ez-toc-link ez-toc-heading-5\" href=\"https:\/\/www.le-mag-travaux.com\/blog\/electricite-des-parties-communes-qui-paie-quoi-et-comment-reduire-la-facture\/#Conclusion-sur-la-gestion-des-charges-delectricite\" >Conclusion sur la gestion des charges d&rsquo;\u00e9lectricit\u00e9<\/a><\/li><\/ul><\/nav><\/div>\n<h2 class=\"wp-block-heading\"><span class=\"ez-toc-section\" id=\"Comprendre-la-repartition-des-couts-de-lelectricite-dans-les-parties-communes\"><\/span>Comprendre la r\u00e9partition des co\u00fbts de l&rsquo;\u00e9lectricit\u00e9 dans les parties communes<span class=\"ez-toc-section-end\"><\/span><\/h2>\n\n<p>Dans les immeubles collectifs, les charges li\u00e9es \u00e0 l&rsquo;\u00e9lectricit\u00e9 des parties communes sont souvent liss\u00e9es entre tous les r\u00e9sidents. Cette r\u00e9partition soul\u00e8ve des questions quant \u00e0 l&rsquo;\u00e9quit\u00e9 et \u00e0 la transparence des co\u00fbts. Selon une \u00e9tude datant de 2009, la consommation \u00e9lectrique des parties communes s&rsquo;\u00e9levait \u00e0 environ 700 kWh par an et par logement, et pouvait atteindre jusqu&rsquo;\u00e0 1 000 kWh pour les r\u00e9sidences avec parkings souterrains.<\/p>\n\n\n\n<p>Il est int\u00e9ressant de noter que cette consommation repr\u00e9sente environ 15% de l&rsquo;\u00e9lectricit\u00e9 totale utilis\u00e9e par un m\u00e9nage. Les principaux postes de consommation \u00e9lectrique en parties communes incluent :<\/p>\n\n<ul class=\"wp-block-list\"><li><strong>L&rsquo;\u00e9clairage :<\/strong> hall, paliers, ext\u00e9rieur et parkings.<\/li><li><strong>Les ascenseurs :<\/strong> un \u00e9quipement essentiel pour la mobilit\u00e9.<\/li><li><strong>La ventilation m\u00e9canique contr\u00f4l\u00e9e (VMC) :<\/strong> n\u00e9cessaire pour la qualit\u00e9 de l&rsquo;air.<\/li><li><strong>Les pompes des r\u00e9seaux de chauffage et d&rsquo;eau chaude sanitaire :<\/strong> indispensables pour le confort.<\/li><li><strong>Les portails et portes de garage automatiques :<\/strong> souvent \u00e9nergivores.<\/li><\/ul>\n\n<h3 class=\"wp-block-heading\"><span class=\"ez-toc-section\" id=\"Les-enjeux-environnementaux-et-financiers\"><\/span>Les enjeux environnementaux et financiers<span class=\"ez-toc-section-end\"><\/span><\/h3>\n\n<p>Avec la n\u00e9cessit\u00e9 croissante de r\u00e9duire la consommation \u00e9nerg\u00e9tique, les enjeux environnementaux et financiers deviennent de plus en plus pressants. La production d&rsquo;\u00e9lectricit\u00e9, qu&rsquo;elle provienne de sources nucl\u00e9aires, fossiles ou renouvelables, a un impact environnemental non n\u00e9gligeable. Pour cela, il est crucial d&rsquo;agir sur les postes les plus \u00e9nergivores que sont le chauffage, l&rsquo;eau chaude sanitaire et l&rsquo;\u00e9clairage.<\/p>\n\n<figure class=\"is-provider-youtube is-type-video wp-block-embed wp-block-embed-youtube wp-embed-aspect-16-9 wp-has-aspect-ratio\"><div class=\"wp-block-embed__wrapper\">\n<iframe title=\"Comment r\u00e9duire sa facture d&#039;\u00e9lectricit\u00e9 : Ensemble c&#039;est mieux !\" width=\"500\" height=\"281\" src=\"https:\/\/www.youtube.com\/embed\/Ei2apCUJB4A?feature=oembed\" frameborder=\"0\" allow=\"accelerometer; autoplay; clipboard-write; encrypted-media; gyroscope; picture-in-picture; web-share\" referrerpolicy=\"strict-origin-when-cross-origin\" allowfullscreen><\/iframe>\n<\/div><\/figure>\n\n<p>La pression sur les co\u00fbts s&rsquo;accompagne d&rsquo;une n\u00e9cessit\u00e9 croissante de g\u00e9rer les ressources de mani\u00e8re \u00e9conome. Les co\u00fbts de l&rsquo;\u00e9nergie s&rsquo;envolent, ce qui fait que chaque copropri\u00e9taire doit veiller \u00e0 limiter sa consommation pour \u00e9viter des surprises sur la facture.<\/p>\n\n<h2 class=\"wp-block-heading\"><span class=\"ez-toc-section\" id=\"Optimiser-les-depenses-electriques-dans-les-parties-communes\"><\/span>Optimiser les d\u00e9penses \u00e9lectriques dans les parties communes<span class=\"ez-toc-section-end\"><\/span><\/h2>\n\n<p>La bonne nouvelle, c&rsquo;est qu&rsquo;une multitude de solutions existent pour optimiser les d\u00e9penses li\u00e9es \u00e0 l&rsquo;\u00e9lectricit\u00e9 des parties communes :<\/p>\n\n<ul class=\"wp-block-list\"><li><strong>Remplacement des \u00e9quipements :<\/strong> investir dans des \u00e9clairages LED et des \u00e9quipements haute performance peut g\u00e9n\u00e9rer des \u00e9conomies significatives.<\/li><li><strong>Entretien r\u00e9gulier :<\/strong> veiller \u00e0 l&rsquo;entretien des ascenseurs et de la VMC pour garantir leur efficacit\u00e9.<\/li><li><strong>Gestion technique de la consommation :<\/strong> utiliser des syst\u00e8mes de d\u00e9tection de pr\u00e9sence et de gestion technique centralis\u00e9e (GTC) permet de r\u00e9duire la consommation inutile.<\/li><li><strong>Contrats d&rsquo;\u00e9lectricit\u00e9 adapt\u00e9s :<\/strong> choisir un fournisseur dont les tarifs sont adapt\u00e9s aux besoins sp\u00e9cifiques des parties communes.<\/li><\/ul>\n\n\n\n<h3 class=\"wp-block-heading\"><span class=\"ez-toc-section\" id=\"Cartographier-la-consommation-pour-mieux-agir\"><\/span>Cartographier la consommation pour mieux agir<span class=\"ez-toc-section-end\"><\/span><\/h3>\n\n<p>Afin d&rsquo;identifier les postes de consommation les plus \u00e9nergivores, il est essentiel d&rsquo;effectuer un diagnostic complet des consommations. Cette cartographie va permettre de mettre en place un plan d&rsquo;actions structur\u00e9.<\/p>\n\n<figure class=\"wp-block-table\"><table>\n<thead>\n<tr>\n<th>Poste de consommation<\/th>\n<th>Consommation moyenne (kWh\/an)<\/th>\n<\/tr>\n<\/thead>\n<tbody>\n<tr>\n<td>\u00c9clairage<\/td>\n<td>300<\/td>\n<\/tr>\n<tr>\n<td>Ascenseurs<\/td>\n<td>250<\/td>\n<\/tr>\n<tr>\n<td>VMC<\/td>\n<td>100<\/td>\n<\/tr>\n<tr>\n<td>Pompes de chauffage<\/td>\n<td>150<\/td>\n<\/tr>\n<tr>\n<td>Portails automatiques<\/td>\n<td>200<\/td>\n<\/tr>\n<\/tbody>\n<\/table><\/figure>\n\n<p>Cet \u00e9tat des lieux est une premi\u00e8re \u00e9tape n\u00e9cessaire pour \u00e9laborer un plan d&rsquo;action qui tient compte des impacts environnementaux et des \u00e9conomies potentielles. Il est \u00e9galement b\u00e9n\u00e9fique de consulter des experts comme ceux de <a href=\"https:\/\/www.le-mag-travaux.com\/blog\/electricite-des-parties-communes-qui-paie-quoi-decryptage-des-regles-cachees\">Odigo Conseil<\/a> pour maximiser les gains.<\/p>\n\n<figure class=\"is-provider-youtube is-type-video wp-block-embed wp-block-embed-youtube wp-embed-aspect-16-9 wp-has-aspect-ratio\"><div class=\"wp-block-embed__wrapper\">\n<iframe title=\"Comment r\u00e9duire l&#039;impact de sa consommation d&#039;\u00e9lectricit\u00e9\" width=\"500\" height=\"281\" src=\"https:\/\/www.youtube.com\/embed\/E331tTmy0Hw?feature=oembed\" frameborder=\"0\" allow=\"accelerometer; autoplay; clipboard-write; encrypted-media; gyroscope; picture-in-picture; web-share\" referrerpolicy=\"strict-origin-when-cross-origin\" allowfullscreen><\/iframe>\n<\/div><\/figure>\n\n<h2 class=\"wp-block-heading\"><span class=\"ez-toc-section\" id=\"Conclusion-sur-la-gestion-des-charges-delectricite\"><\/span>Conclusion sur la gestion des charges d&rsquo;\u00e9lectricit\u00e9<span class=\"ez-toc-section-end\"><\/span><\/h2>\n\n<p>La gestion de l&rsquo;\u00e9lectricit\u00e9 des parties communes reste un enjeu majeur pour les copropri\u00e9taires, d&rsquo;autant plus qu&rsquo;elle touche \u00e0 la fois l&rsquo;environnement et les finances. \u00catre proactif dans l&rsquo;optimisation de cette consommation est essentiel pour ma\u00eetriser les d\u00e9penses et assurer un cadre de vie agr\u00e9able. Par le biais de solutions adapt\u00e9es et d&rsquo;un bon diagnostic, il est possible de r\u00e9duire sensiblement les factures d&rsquo;\u00e9lectricit\u00e9 tout en pr\u00e9servant le confort de tous les r\u00e9sidents.<\/p>\n\n","protected":false},"excerpt":{"rendered":"<p>La gestion de l&rsquo;\u00e9lectricit\u00e9 dans les parties communes des immeubles est un sujet crucial pour les copropri\u00e9taires. Face \u00e0 des [&hellip;]<\/p>\n","protected":false},"author":7,"featured_media":0,"comment_status":"open","ping_status":"close","sticky":false,"template":"","format":"standard","meta":{"site-sidebar-layout":"default","site-content-layout":"","ast-site-content-layout":"default","site-content-style":"default","site-sidebar-style":"default","ast-global-header-display":"","ast-banner-title-visibility":"","ast-main-header-display":"","ast-hfb-above-header-display":"","ast-hfb-below-header-display":"","ast-hfb-mobile-header-display":"","site-post-title":"","ast-breadcrumbs-content":"","ast-featured-img":"","footer-sml-layout":"","ast-disable-related-posts":"","theme-transparent-header-meta":"","adv-header-id-meta":"","stick-header-meta":"","header-above-stick-meta":"","header-main-stick-meta":"","header-below-stick-meta":"","astra-migrate-meta-layouts":"default","ast-page-background-enabled":"default","ast-page-background-meta":{"desktop":{"background-color":"var(--ast-global-color-4)","background-image":"","background-repeat":"repeat","background-position":"center center","background-size":"auto","background-attachment":"scroll","background-type":"","background-media":"","overlay-type":"","overlay-color":"","overlay-opacity":"","overlay-gradient":""},"tablet":{"background-color":"","background-image":"","background-repeat":"repeat","background-position":"center center","background-size":"auto","background-attachment":"scroll","background-type":"","background-media":"","overlay-type":"","overlay-color":"","overlay-opacity":"","overlay-gradient":""},"mobile":{"background-color":"","background-image":"","background-repeat":"repeat","background-position":"center center","background-size":"auto","background-attachment":"scroll","background-type":"","background-media":"","overlay-type":"","overlay-color":"","overlay-opacity":"","overlay-gradient":""}},"ast-content-background-meta":{"desktop":{"background-color":"var(--ast-global-color-5)","background-image":"","background-repeat":"repeat","background-position":"center center","background-size":"auto","background-attachment":"scroll","background-type":"","background-media":"","overlay-type":"","overlay-color":"","overlay-opacity":"","overlay-gradient":""},"tablet":{"background-color":"var(--ast-global-color-5)","background-image":"","background-repeat":"repeat","background-position":"center center","background-size":"auto","background-attachment":"scroll","background-type":"","background-media":"","overlay-type":"","overlay-color":"","overlay-opacity":"","overlay-gradient":""},"mobile":{"background-color":"var(--ast-global-color-5)","background-image":"","background-repeat":"repeat","background-position":"center center","background-size":"auto","background-attachment":"scroll","background-type":"","background-media":"","overlay-type":"","overlay-color":"","overlay-opacity":"","overlay-gradient":""}},"footnotes":""},"categories":[1537],"tags":[],"class_list":["post-6020","post","type-post","status-publish","format-standard","hentry","category-chaleur-courant"],"_links":{"self":[{"href":"https:\/\/www.le-mag-travaux.com\/blog\/wp-json\/wp\/v2\/posts\/6020","targetHints":{"allow":["GET"]}}],"collection":[{"href":"https:\/\/www.le-mag-travaux.com\/blog\/wp-json\/wp\/v2\/posts"}],"about":[{"href":"https:\/\/www.le-mag-travaux.com\/blog\/wp-json\/wp\/v2\/types\/post"}],"author":[{"embeddable":true,"href":"https:\/\/www.le-mag-travaux.com\/blog\/wp-json\/wp\/v2\/users\/7"}],"replies":[{"embeddable":true,"href":"https:\/\/www.le-mag-travaux.com\/blog\/wp-json\/wp\/v2\/comments?post=6020"}],"version-history":[{"count":0,"href":"https:\/\/www.le-mag-travaux.com\/blog\/wp-json\/wp\/v2\/posts\/6020\/revisions"}],"wp:attachment":[{"href":"https:\/\/www.le-mag-travaux.com\/blog\/wp-json\/wp\/v2\/media?parent=6020"}],"wp:term":[{"taxonomy":"category","embeddable":true,"href":"https:\/\/www.le-mag-travaux.com\/blog\/wp-json\/wp\/v2\/categories?post=6020"},{"taxonomy":"post_tag","embeddable":true,"href":"https:\/\/www.le-mag-travaux.com\/blog\/wp-json\/wp\/v2\/tags?post=6020"}],"curies":[{"name":"wp","href":"https:\/\/api.w.org\/{rel}","templated":true}]}}