{"id":6108,"date":"2025-10-07T17:12:28","date_gmt":"2025-10-07T11:42:28","guid":{"rendered":"https:\/\/www.le-mag-travaux.com\/blog\/pourquoi-votre-machine-a-laver-consomme-trop-delectricite-le-secret-des-fabricants"},"modified":"2025-10-07T17:12:28","modified_gmt":"2025-10-07T11:42:28","slug":"pourquoi-votre-machine-a-laver-consomme-trop-delectricite-le-secret-des-fabricants","status":"publish","type":"post","link":"https:\/\/www.le-mag-travaux.com\/blog\/pourquoi-votre-machine-a-laver-consomme-trop-delectricite-le-secret-des-fabricants","title":{"rendered":"Pourquoi votre machine \u00e0 laver consomme trop d\u2019\u00e9lectricit\u00e9 ? Le secret des fabricants"},"content":{"rendered":"<p>La machine \u00e0 laver est omnipr\u00e9sente dans nos foyers modernes, mais son co\u00fbt \u00e9nerg\u00e9tique peut rapidement peser sur le budget mensuel. Entre les cycles de lavage, l&rsquo;\u00e9nergie consum\u00e9e et les astuces \u00e0 adopter, il est crucial de comprendre pourquoi un appareil de ce type peut devenir un gouffre \u00e0 \u00e9lectricit\u00e9. En 2025, alors que l&rsquo;efficacit\u00e9 \u00e9nerg\u00e9tique est plus que jamais au c\u0153ur des pr\u00e9occupations, d\u00e9chiffrer les secrets des fabricants s&rsquo;av\u00e8re essentiel.<\/p>\n\n<div id=\"ez-toc-container\" class=\"ez-toc-v2_0_82_2 counter-hierarchy ez-toc-counter ez-toc-custom ez-toc-container-direction\">\n<div class=\"ez-toc-title-container\">\n<div class=\"ez-toc-title ez-toc-toggle\" style=\"cursor:pointer\">Sommaire : <\/div>\n<span class=\"ez-toc-title-toggle\"><a href=\"#\" class=\"ez-toc-pull-right ez-toc-btn ez-toc-btn-xs ez-toc-btn-default ez-toc-toggle\" aria-label=\"Toggle Table of Content\"><span class=\"ez-toc-js-icon-con\"><span class=\"\"><span class=\"eztoc-hide\" style=\"display:none;\">Toggle<\/span><span class=\"ez-toc-icon-toggle-span\"><svg style=\"fill: #545454;color:#545454\" xmlns=\"http:\/\/www.w3.org\/2000\/svg\" class=\"list-377408\" width=\"20px\" height=\"20px\" viewBox=\"0 0 24 24\" fill=\"none\"><path d=\"M6 6H4v2h2V6zm14 0H8v2h12V6zM4 11h2v2H4v-2zm16 0H8v2h12v-2zM4 16h2v2H4v-2zm16 0H8v2h12v-2z\" fill=\"currentColor\"><\/path><\/svg><svg style=\"fill: #545454;color:#545454\" class=\"arrow-unsorted-368013\" xmlns=\"http:\/\/www.w3.org\/2000\/svg\" width=\"10px\" height=\"10px\" viewBox=\"0 0 24 24\" version=\"1.2\" baseProfile=\"tiny\"><path d=\"M18.2 9.3l-6.2-6.3-6.2 6.3c-.2.2-.3.4-.3.7s.1.5.3.7c.2.2.4.3.7.3h11c.3 0 .5-.1.7-.3.2-.2.3-.5.3-.7s-.1-.5-.3-.7zM5.8 14.7l6.2 6.3 6.2-6.3c.2-.2.3-.5.3-.7s-.1-.5-.3-.7c-.2-.2-.4-.3-.7-.3h-11c-.3 0-.5.1-.7.3-.2.2-.3.5-.3.7s.1.5.3.7z\"\/><\/svg><\/span><\/span><\/span><\/a><\/span><\/div>\n<nav><ul class='ez-toc-list ez-toc-list-level-1 ' ><li class='ez-toc-page-1 ez-toc-heading-level-2'><a class=\"ez-toc-link ez-toc-heading-1\" href=\"https:\/\/www.le-mag-travaux.com\/blog\/pourquoi-votre-machine-a-laver-consomme-trop-delectricite-le-secret-des-fabricants\/#Consommation-electrique-dun-lave-linge-quen-est-il-vraiment\" >Consommation \u00e9lectrique d\u2019un lave-linge qu\u2019en est-il vraiment ?<\/a><ul class='ez-toc-list-level-3' ><li class='ez-toc-heading-level-3'><a class=\"ez-toc-link ez-toc-heading-2\" href=\"https:\/\/www.le-mag-travaux.com\/blog\/pourquoi-votre-machine-a-laver-consomme-trop-delectricite-le-secret-des-fabricants\/#Les-couts-annuels-associes-a-la-machine-a-laver\" >Les co\u00fbts annuels associ\u00e9s \u00e0 la machine \u00e0 laver<\/a><\/li><\/ul><\/li><li class='ez-toc-page-1 ez-toc-heading-level-2'><a class=\"ez-toc-link ez-toc-heading-3\" href=\"https:\/\/www.le-mag-travaux.com\/blog\/pourquoi-votre-machine-a-laver-consomme-trop-delectricite-le-secret-des-fabricants\/#Impact-environnemental-de-la-machine-a-laver\" >Impact environnemental de la machine \u00e0 laver<\/a><ul class='ez-toc-list-level-3' ><li class='ez-toc-heading-level-3'><a class=\"ez-toc-link ez-toc-heading-4\" href=\"https:\/\/www.le-mag-travaux.com\/blog\/pourquoi-votre-machine-a-laver-consomme-trop-delectricite-le-secret-des-fabricants\/#Comparaison-des-classes-energetiques-pour-le-lavage\" >Comparaison des classes \u00e9nerg\u00e9tiques pour le lavage<\/a><\/li><\/ul><\/li><li class='ez-toc-page-1 ez-toc-heading-level-2'><a class=\"ez-toc-link ez-toc-heading-5\" href=\"https:\/\/www.le-mag-travaux.com\/blog\/pourquoi-votre-machine-a-laver-consomme-trop-delectricite-le-secret-des-fabricants\/#Astuces-pour-reduire-la-consommation-delectricite-de-votre-lave-linge\" >Astuces pour r\u00e9duire la consommation d\u2019\u00e9lectricit\u00e9 de votre lave-linge<\/a><ul class='ez-toc-list-level-3' ><li class='ez-toc-heading-level-3'><a class=\"ez-toc-link ez-toc-heading-6\" href=\"https:\/\/www.le-mag-travaux.com\/blog\/pourquoi-votre-machine-a-laver-consomme-trop-delectricite-le-secret-des-fabricants\/#La-puissance-et-la-duree-des-cycles-comme-facteurs-determinants\" >La puissance et la dur\u00e9e des cycles comme facteurs d\u00e9terminants<\/a><\/li><\/ul><\/li><li class='ez-toc-page-1 ez-toc-heading-level-2'><a class=\"ez-toc-link ez-toc-heading-7\" href=\"https:\/\/www.le-mag-travaux.com\/blog\/pourquoi-votre-machine-a-laver-consomme-trop-delectricite-le-secret-des-fabricants\/#Technologies-innovantes-et-economies-denergie\" >Technologies innovantes et \u00e9conomies d&rsquo;\u00e9nergie<\/a><ul class='ez-toc-list-level-3' ><li class='ez-toc-heading-level-3'><a class=\"ez-toc-link ez-toc-heading-8\" href=\"https:\/\/www.le-mag-travaux.com\/blog\/pourquoi-votre-machine-a-laver-consomme-trop-delectricite-le-secret-des-fabricants\/#Les-habitudes-dutilisation-impactent-la-consommation\" >Les habitudes d\u2019utilisation impactent la consommation<\/a><\/li><\/ul><\/li><\/ul><\/nav><\/div>\n<h2 class=\"wp-block-heading\"><span class=\"ez-toc-section\" id=\"Consommation-electrique-dun-lave-linge-quen-est-il-vraiment\"><\/span>Consommation \u00e9lectrique d\u2019un lave-linge qu\u2019en est-il vraiment ?<span class=\"ez-toc-section-end\"><\/span><\/h2>\n\n<p>La consommation \u00e9lectrique d&rsquo;un lave-linge moyen est d\u2019environ <strong>1 kWh par cycle<\/strong>. Ce chiffre varie consid\u00e9rablement selon la classe \u00e9nerg\u00e9tique de l&rsquo;appareil. Un mod\u00e8le en classe A+++ offre une consommation d&rsquo;environ <strong>0,82 kWh<\/strong> par cycle, alors qu&rsquo;un mod\u00e8le de classe A tourne autour de <strong>1,33 kWh<\/strong>.<\/p>\n\n\n\n<figure class=\"wp-block-table\"><table>\n<thead>\n<tr>\n<th>Classe \u00e9nerg\u00e9tique<\/th>\n<th>Consommation par cycle (kWh)<\/th>\n<\/tr>\n<\/thead>\n<tbody>\n<tr>\n<td>A+++ <\/td>\n<td>0,82<\/td>\n<\/tr>\n<tr>\n<td>A++  <\/td>\n<td>1,0<\/td>\n<\/tr>\n<tr>\n<td>A+  <\/td>\n<td>1,2<\/td>\n<\/tr>\n<tr>\n<td>B <\/td>\n<td>1,33<\/td>\n<\/tr>\n<\/tbody>\n<\/table><\/figure>\n\n<h3 class=\"wp-block-heading\"><span class=\"ez-toc-section\" id=\"Les-couts-annuels-associes-a-la-machine-a-laver\"><\/span>Les co\u00fbts annuels associ\u00e9s \u00e0 la machine \u00e0 laver<span class=\"ez-toc-section-end\"><\/span><\/h3>\n\n<p>Le co\u00fbt moyen d\u2019un lave-linge en France est d&rsquo;environ <strong>36,16 euros par an<\/strong>, bas\u00e9 sur une consommation moyenne de <strong>191 kWh<\/strong>. Cette valeur fluctue en fonction de l&rsquo;appareil, de sa capacit\u00e9, des programmes utilis\u00e9s, et surtout de la fr\u00e9quence de lavage. Par exemple, un mod\u00e8le en classe A+++ r\u00e9duit la facture \u00e0 \u00e0 peine <strong>29,15 euros<\/strong>.<\/p>\n\n<h2 class=\"wp-block-heading\"><span class=\"ez-toc-section\" id=\"Impact-environnemental-de-la-machine-a-laver\"><\/span>Impact environnemental de la machine \u00e0 laver<span class=\"ez-toc-section-end\"><\/span><\/h2>\n\n<p>Outre le co\u00fbt \u00e9nerg\u00e9tique, un lave-linge a aussi un impact environnemental important en raison de sa consommation d&rsquo;eau et d&rsquo;\u00e9lectricit\u00e9. La fabrication d\u2019un lave-linge, de son usage et de sa distribution repr\u00e9sente environ <strong>513 kg de CO\u2082<\/strong> \u00e9mis sur son cycle de vie. En choisissant des mod\u00e8les plus efficaces comme ceux de marques telles que <strong>LG<\/strong>, <strong>Samsung<\/strong> ou <strong>Miele<\/strong>, une r\u00e9duction significative de l\u2019empreinte \u00e9cologique est envisageable.<\/p>\n\n\n\n<h3 class=\"wp-block-heading\"><span class=\"ez-toc-section\" id=\"Comparaison-des-classes-energetiques-pour-le-lavage\"><\/span>Comparaison des classes \u00e9nerg\u00e9tiques pour le lavage<span class=\"ez-toc-section-end\"><\/span><\/h3>\n\n<p>Depuis 2021, la mise en place d\u2019une nouvelle \u00e9chelle d\u2019\u00e9tiquetage \u00e9nerg\u00e9tique a red\u00e9fini les standards. Par exemple, un lave-linge de classe A ancien est d\u00e9sormais souvent \u00e9tiquet\u00e9 B ou C.<\/p>\n\n<figure class=\"wp-block-table\"><table>\n<thead>\n<tr>\n<th>Classe<\/th>\n<th>Consommation pour 100 cycles (kWh)<\/th>\n<\/tr>\n<\/thead>\n<tbody>\n<tr>\n<td>A <\/td>\n<td>47<\/td>\n<\/tr>\n<tr>\n<td>C <\/td>\n<td>63<\/td>\n<\/tr>\n<\/tbody>\n<\/table><\/figure>\n\n<h2 class=\"wp-block-heading\"><span class=\"ez-toc-section\" id=\"Astuces-pour-reduire-la-consommation-delectricite-de-votre-lave-linge\"><\/span>Astuces pour r\u00e9duire la consommation d\u2019\u00e9lectricit\u00e9 de votre lave-linge<span class=\"ez-toc-section-end\"><\/span><\/h2>\n\n<p>Adopter quelques habitudes simples peut faire une grande diff\u00e9rence dans la consommation \u00e9lectrique de votre machine \u00e0 laver :<\/p>\n\n<ul class=\"wp-block-list\"><li>Choisir un mod\u00e8le adapt\u00e9 \u00e0 ses besoins r\u00e9els.<\/li><li>Lancer un cycle uniquement lorsque la machine est pleine.<\/li><li>Utiliser des programmes de lavage \u00e0 basse temp\u00e9rature.<\/li><li>D\u00e9brancher l&rsquo;appareil apr\u00e8s chaque utilisation.<\/li><\/ul>\n\n<figure class=\"is-provider-youtube is-type-video wp-block-embed wp-block-embed-youtube wp-embed-aspect-16-9 wp-has-aspect-ratio\"><div class=\"wp-block-embed__wrapper\">\n<iframe title=\"\u00c9conomiser de l&#039;\u00e9lectricit\u00e9 machine \u00e0 laver\" width=\"500\" height=\"281\" src=\"https:\/\/www.youtube.com\/embed\/o42UzuxUOB4?feature=oembed\" frameborder=\"0\" allow=\"accelerometer; autoplay; clipboard-write; encrypted-media; gyroscope; picture-in-picture; web-share\" referrerpolicy=\"strict-origin-when-cross-origin\" allowfullscreen><\/iframe>\n<\/div><\/figure>\n\n<h3 class=\"wp-block-heading\"><span class=\"ez-toc-section\" id=\"La-puissance-et-la-duree-des-cycles-comme-facteurs-determinants\"><\/span>La puissance et la dur\u00e9e des cycles comme facteurs d\u00e9terminants<span class=\"ez-toc-section-end\"><\/span><\/h3>\n\n<p>La puissance nominale est un indicateur crucial. En effet, des appareils comme <strong>Whirlpool<\/strong> ou <strong>Bosch<\/strong> affichent des puissances allant de <strong>1500 W \u00e0 2500 W<\/strong>. Ainsi, un lave-linge de <strong>2000 W<\/strong> utilis\u00e9 pendant <strong>2 heures<\/strong> par cycle et <strong>8 fois par mois<\/strong> consommera environ <strong>32 kWh<\/strong> par mois, un chiffre \u00e0 surveiller pour limiter les frais.<\/p>\n\n<figure class=\"wp-block-table\"><table>\n<thead>\n<tr>\n<th>Marque<\/th>\n<th>Puissance Nominale (W)<\/th>\n<th>Consommation Annuelle (kWh)<\/th>\n<\/tr>\n<\/thead>\n<tbody>\n<tr>\n<td>Whirlpool<\/td>\n<td>1800<\/td>\n<td>190<\/td>\n<\/tr>\n<tr>\n<td>Bosch<\/td>\n<td>1600<\/td>\n<td>150<\/td>\n<\/tr>\n<tr>\n<td>Brandt<\/td>\n<td>1800<\/td>\n<td>170<\/td>\n<\/tr>\n<tr>\n<td>Electrolux<\/td>\n<td>1700<\/td>\n<td>160<\/td>\n<\/tr>\n<tr>\n<td>Indesit<\/td>\n<td>1900<\/td>\n<td>180<\/td>\n<\/tr>\n<\/tbody>\n<\/table><\/figure>\n\n<h2 class=\"wp-block-heading\"><span class=\"ez-toc-section\" id=\"Technologies-innovantes-et-economies-denergie\"><\/span>Technologies innovantes et \u00e9conomies d&rsquo;\u00e9nergie<span class=\"ez-toc-section-end\"><\/span><\/h2>\n\n<p>Les fabricants ne cessent d&rsquo;innover pour r\u00e9duire la consommation d&rsquo;\u00e9lectricit\u00e9. Les moteurs \u00e0 induction sans balais, la d\u00e9tection automatique de charge, et les programmes intelligents jouent un r\u00f4le cl\u00e9 dans cette \u00e9volution. En 2025, des marques telles que <strong>Samsung<\/strong> et <strong>Miele<\/strong> proposent des machines qui optimisent la consommation, permettant d&rsquo;\u00e9conomiser jusqu&rsquo;\u00e0 <strong>30 % d&rsquo;\u00e9nergie<\/strong>.<\/p>\n\n\n\n<h3 class=\"wp-block-heading\"><span class=\"ez-toc-section\" id=\"Les-habitudes-dutilisation-impactent-la-consommation\"><\/span>Les habitudes d\u2019utilisation impactent la consommation<span class=\"ez-toc-section-end\"><\/span><\/h3>\n\n<p>Pour optimiser la consommation, il est \u00e9galement crucial d\u2019adopter les bonnes pratiques :<\/p>\n\n<ul class=\"wp-block-list\"><li>Pr\u00e9tremper les v\u00eatements tr\u00e8s sales pour r\u00e9duire la dur\u00e9e du cycle.<\/li><li>Laver \u00e0 basse temp\u00e9rature quand cela est possible.<\/li><li>Utiliser les modes \u00e9co pour des lavages efficaces.<\/li><li>\u00c9teindre compl\u00e8tement l\u2019appareil apr\u00e8s utilisation pour \u00e9viter les consommations inutiles.<\/li><\/ul>\n\n<figure class=\"is-provider-youtube is-type-video wp-block-embed wp-block-embed-youtube wp-embed-aspect-16-9 wp-has-aspect-ratio\"><div class=\"wp-block-embed__wrapper\">\n<iframe title=\"D\u00e9couvrez la consommation \u00e9lectrique d&#039;un lave-linge : \u00c9conomisez sur vos factures !\" width=\"500\" height=\"281\" src=\"https:\/\/www.youtube.com\/embed\/2oWVUd44ABc?feature=oembed\" frameborder=\"0\" allow=\"accelerometer; autoplay; clipboard-write; encrypted-media; gyroscope; picture-in-picture; web-share\" referrerpolicy=\"strict-origin-when-cross-origin\" allowfullscreen><\/iframe>\n<\/div><\/figure>\n\n<p>Avec ces strat\u00e9gies bien d\u00e9finies, la gestion de la consommation \u00e9lectrique d\u2019un lave-linge devient plus simple. Adopter des appareils performants et effectuer des choix judicieux pendant l&rsquo;utilisation permet r\u00e9ellement de r\u00e9duire les factures d\u2019\u00e9lectricit\u00e9 tout en pr\u00e9servant la plan\u00e8te.<\/p>\n\n","protected":false},"excerpt":{"rendered":"<p>La machine \u00e0 laver est omnipr\u00e9sente dans nos foyers modernes, mais son co\u00fbt \u00e9nerg\u00e9tique peut rapidement peser sur le budget [&hellip;]<\/p>\n","protected":false},"author":7,"featured_media":0,"comment_status":"open","ping_status":"close","sticky":false,"template":"","format":"standard","meta":{"site-sidebar-layout":"default","site-content-layout":"","ast-site-content-layout":"default","site-content-style":"default","site-sidebar-style":"default","ast-global-header-display":"","ast-banner-title-visibility":"","ast-main-header-display":"","ast-hfb-above-header-display":"","ast-hfb-below-header-display":"","ast-hfb-mobile-header-display":"","site-post-title":"","ast-breadcrumbs-content":"","ast-featured-img":"","footer-sml-layout":"","ast-disable-related-posts":"","theme-transparent-header-meta":"","adv-header-id-meta":"","stick-header-meta":"","header-above-stick-meta":"","header-main-stick-meta":"","header-below-stick-meta":"","astra-migrate-meta-layouts":"default","ast-page-background-enabled":"default","ast-page-background-meta":{"desktop":{"background-color":"var(--ast-global-color-4)","background-image":"","background-repeat":"repeat","background-position":"center center","background-size":"auto","background-attachment":"scroll","background-type":"","background-media":"","overlay-type":"","overlay-color":"","overlay-opacity":"","overlay-gradient":""},"tablet":{"background-color":"","background-image":"","background-repeat":"repeat","background-position":"center center","background-size":"auto","background-attachment":"scroll","background-type":"","background-media":"","overlay-type":"","overlay-color":"","overlay-opacity":"","overlay-gradient":""},"mobile":{"background-color":"","background-image":"","background-repeat":"repeat","background-position":"center center","background-size":"auto","background-attachment":"scroll","background-type":"","background-media":"","overlay-type":"","overlay-color":"","overlay-opacity":"","overlay-gradient":""}},"ast-content-background-meta":{"desktop":{"background-color":"var(--ast-global-color-5)","background-image":"","background-repeat":"repeat","background-position":"center center","background-size":"auto","background-attachment":"scroll","background-type":"","background-media":"","overlay-type":"","overlay-color":"","overlay-opacity":"","overlay-gradient":""},"tablet":{"background-color":"var(--ast-global-color-5)","background-image":"","background-repeat":"repeat","background-position":"center center","background-size":"auto","background-attachment":"scroll","background-type":"","background-media":"","overlay-type":"","overlay-color":"","overlay-opacity":"","overlay-gradient":""},"mobile":{"background-color":"var(--ast-global-color-5)","background-image":"","background-repeat":"repeat","background-position":"center center","background-size":"auto","background-attachment":"scroll","background-type":"","background-media":"","overlay-type":"","overlay-color":"","overlay-opacity":"","overlay-gradient":""}},"footnotes":""},"categories":[1537],"tags":[],"class_list":["post-6108","post","type-post","status-publish","format-standard","hentry","category-chaleur-courant"],"_links":{"self":[{"href":"https:\/\/www.le-mag-travaux.com\/blog\/wp-json\/wp\/v2\/posts\/6108","targetHints":{"allow":["GET"]}}],"collection":[{"href":"https:\/\/www.le-mag-travaux.com\/blog\/wp-json\/wp\/v2\/posts"}],"about":[{"href":"https:\/\/www.le-mag-travaux.com\/blog\/wp-json\/wp\/v2\/types\/post"}],"author":[{"embeddable":true,"href":"https:\/\/www.le-mag-travaux.com\/blog\/wp-json\/wp\/v2\/users\/7"}],"replies":[{"embeddable":true,"href":"https:\/\/www.le-mag-travaux.com\/blog\/wp-json\/wp\/v2\/comments?post=6108"}],"version-history":[{"count":0,"href":"https:\/\/www.le-mag-travaux.com\/blog\/wp-json\/wp\/v2\/posts\/6108\/revisions"}],"wp:attachment":[{"href":"https:\/\/www.le-mag-travaux.com\/blog\/wp-json\/wp\/v2\/media?parent=6108"}],"wp:term":[{"taxonomy":"category","embeddable":true,"href":"https:\/\/www.le-mag-travaux.com\/blog\/wp-json\/wp\/v2\/categories?post=6108"},{"taxonomy":"post_tag","embeddable":true,"href":"https:\/\/www.le-mag-travaux.com\/blog\/wp-json\/wp\/v2\/tags?post=6108"}],"curies":[{"name":"wp","href":"https:\/\/api.w.org\/{rel}","templated":true}]}}