{"id":6126,"date":"2025-10-23T17:08:26","date_gmt":"2025-10-23T11:38:26","guid":{"rendered":"https:\/\/www.le-mag-travaux.com\/blog\/apparition-de-lelectricite-dans-les-foyers-francais-lhistoire-meconnue-derriere-cette-revolution"},"modified":"2025-10-23T17:08:26","modified_gmt":"2025-10-23T11:38:26","slug":"apparition-de-lelectricite-dans-les-foyers-francais-lhistoire-meconnue-derriere-cette-revolution","status":"publish","type":"post","link":"https:\/\/www.le-mag-travaux.com\/blog\/apparition-de-lelectricite-dans-les-foyers-francais-lhistoire-meconnue-derriere-cette-revolution","title":{"rendered":"Apparition de l\u2019\u00e9lectricit\u00e9 dans les foyers fran\u00e7ais : L\u2019histoire m\u00e9connue derri\u00e8re cette r\u00e9volution"},"content":{"rendered":"<p>\u00c0 la fin du XIXe si\u00e8cle, l\u2019introduction de l&rsquo;\u00e9lectricit\u00e9 a v\u00e9ritablement boulevers\u00e9 le quotidien des Fran\u00e7ais. Ce changement radical est souvent per\u00e7u sous l&rsquo;angle de la modernit\u00e9 et du progr\u00e8s, mais il dispose d&rsquo;une histoire riche et complexe qui m\u00e9rite d&rsquo;\u00eatre mise en lumi\u00e8re. De ses d\u00e9buts, souvent r\u00e9serv\u00e9s aux grandes villes et aux usages industriels, \u00e0 son int\u00e9gration massive dans les foyers, l&rsquo;\u00e9lectricit\u00e9 a transform\u00e9 non seulement la vie quotidienne, mais aussi les aspirations des populations.<\/p>\n\n<div id=\"ez-toc-container\" class=\"ez-toc-v2_0_82_2 counter-hierarchy ez-toc-counter ez-toc-custom ez-toc-container-direction\">\n<div class=\"ez-toc-title-container\">\n<div class=\"ez-toc-title ez-toc-toggle\" style=\"cursor:pointer\">Sommaire : <\/div>\n<span class=\"ez-toc-title-toggle\"><a href=\"#\" class=\"ez-toc-pull-right ez-toc-btn ez-toc-btn-xs ez-toc-btn-default ez-toc-toggle\" aria-label=\"Toggle Table of Content\"><span class=\"ez-toc-js-icon-con\"><span class=\"\"><span class=\"eztoc-hide\" style=\"display:none;\">Toggle<\/span><span class=\"ez-toc-icon-toggle-span\"><svg style=\"fill: #545454;color:#545454\" xmlns=\"http:\/\/www.w3.org\/2000\/svg\" class=\"list-377408\" width=\"20px\" height=\"20px\" viewBox=\"0 0 24 24\" fill=\"none\"><path d=\"M6 6H4v2h2V6zm14 0H8v2h12V6zM4 11h2v2H4v-2zm16 0H8v2h12v-2zM4 16h2v2H4v-2zm16 0H8v2h12v-2z\" fill=\"currentColor\"><\/path><\/svg><svg style=\"fill: #545454;color:#545454\" class=\"arrow-unsorted-368013\" xmlns=\"http:\/\/www.w3.org\/2000\/svg\" width=\"10px\" height=\"10px\" viewBox=\"0 0 24 24\" version=\"1.2\" baseProfile=\"tiny\"><path d=\"M18.2 9.3l-6.2-6.3-6.2 6.3c-.2.2-.3.4-.3.7s.1.5.3.7c.2.2.4.3.7.3h11c.3 0 .5-.1.7-.3.2-.2.3-.5.3-.7s-.1-.5-.3-.7zM5.8 14.7l6.2 6.3 6.2-6.3c.2-.2.3-.5.3-.7s-.1-.5-.3-.7c-.2-.2-.4-.3-.7-.3h-11c-.3 0-.5.1-.7.3-.2.2-.3.5-.3.7s.1.5.3.7z\"\/><\/svg><\/span><\/span><\/span><\/a><\/span><\/div>\n<nav><ul class='ez-toc-list ez-toc-list-level-1 ' ><li class='ez-toc-page-1 ez-toc-heading-level-2'><a class=\"ez-toc-link ez-toc-heading-1\" href=\"https:\/\/www.le-mag-travaux.com\/blog\/apparition-de-lelectricite-dans-les-foyers-francais-lhistoire-meconnue-derriere-cette-revolution\/#Les-premieres-installations-electriques-une-curiosite-technologique\" >Les premi\u00e8res installations \u00e9lectriques : une curiosit\u00e9 technologique<\/a><ul class='ez-toc-list-level-3' ><li class='ez-toc-heading-level-3'><a class=\"ez-toc-link ez-toc-heading-2\" href=\"https:\/\/www.le-mag-travaux.com\/blog\/apparition-de-lelectricite-dans-les-foyers-francais-lhistoire-meconnue-derriere-cette-revolution\/#Impact-de-lelectricite-sur-le-mode-de-vie-des-Francais\" >Impact de l&rsquo;\u00e9lectricit\u00e9 sur le mode de vie des Fran\u00e7ais<\/a><\/li><\/ul><\/li><li class='ez-toc-page-1 ez-toc-heading-level-2'><a class=\"ez-toc-link ez-toc-heading-3\" href=\"https:\/\/www.le-mag-travaux.com\/blog\/apparition-de-lelectricite-dans-les-foyers-francais-lhistoire-meconnue-derriere-cette-revolution\/#Lelectrification-des-zones-rurales-et-legalite-des-chances\" >L&rsquo;\u00e9lectrification des zones rurales et l&rsquo;\u00e9galit\u00e9 des chances<\/a><ul class='ez-toc-list-level-3' ><li class='ez-toc-heading-level-3'><a class=\"ez-toc-link ez-toc-heading-4\" href=\"https:\/\/www.le-mag-travaux.com\/blog\/apparition-de-lelectricite-dans-les-foyers-francais-lhistoire-meconnue-derriere-cette-revolution\/#La-transition-vers-des-solutions-durables-en-2025\" >La transition vers des solutions durables en 2025<\/a><\/li><\/ul><\/li><\/ul><\/nav><\/div>\n<h2 class=\"wp-block-heading\"><span class=\"ez-toc-section\" id=\"Les-premieres-installations-electriques-une-curiosite-technologique\"><\/span>Les premi\u00e8res installations \u00e9lectriques : une curiosit\u00e9 technologique<span class=\"ez-toc-section-end\"><\/span><\/h2>\n\n<p>Les d\u00e9buts de l&rsquo;\u00e9lectricit\u00e9 dans les foyers fran\u00e7ais remontent \u00e0 un travail acharn\u00e9 d&rsquo;inventeurs et d&rsquo;industriels. \u00c0 cette \u00e9poque, l&rsquo;\u00e9lectricit\u00e9 \u00e9tait principalement employ\u00e9e pour l&rsquo;\u00e9clairage public ou industriel. Lentement, des projets ont vu le jour pour porter cette innovation dans nos int\u00e9rieurs.<\/p>\n\n\n\n<ul class=\"wp-block-list\"><li>1870 : L\u2019\u00e9lectricit\u00e9 accessible aux industriels<\/li><li>1881 : Premi\u00e8re apparition publique de l\u2019\u00e9lectricit\u00e9 \u00e0 Paris<\/li><li>1900 : D\u00e9but de l\u2019\u00e9lectrification des maisons particuli\u00e8res<\/li><\/ul>\n\n<p>Les avanc\u00e9es de cette p\u00e9riode ont \u00e9t\u00e9 marqu\u00e9es par des \u00e9v\u00e9nements majeurs, comme l&rsquo;Exposition Internationale d&rsquo;\u00c9lectricit\u00e9 \u00e0 Paris, qui a mis en exergue les possibilit\u00e9s offertes par cette nouvelle technologie, notamment gr\u00e2ce \u00e0 l&rsquo;invention de l&rsquo;ampoule \u00e0 incandescence par <strong>Thomas Edison<\/strong> en 1879. Ce progr\u00e8s a permis de rendre l&rsquo;\u00e9clairage \u00e9lectrique accessible et adapt\u00e9 aux diff\u00e9rents milieux de vie.<\/p>\n\n<figure class=\"wp-block-table\"><table>\n<thead>\n<tr>\n<th>Ann\u00e9e<\/th>\n<th>\u00c9v\u00e9nement marquant<\/th>\n<\/tr>\n<\/thead>\n<tbody>\n<tr>\n<td>1879<\/td>\n<td>Invention de l&rsquo;ampoule \u00e0 incandescence par Edison<\/td>\n<\/tr>\n<tr>\n<td>1881<\/td>\n<td>Exposition Internationale d&rsquo;\u00c9lectricit\u00e9<\/td>\n<\/tr>\n<tr>\n<td>1900<\/td>\n<td>Installation de premi\u00e8res \u00e9lectrifications domestiques<\/td>\n<\/tr>\n<\/tbody>\n<\/table><\/figure>\n\n<h3 class=\"wp-block-heading\"><span class=\"ez-toc-section\" id=\"Impact-de-lelectricite-sur-le-mode-de-vie-des-Francais\"><\/span>Impact de l&rsquo;\u00e9lectricit\u00e9 sur le mode de vie des Fran\u00e7ais<span class=\"ez-toc-section-end\"><\/span><\/h3>\n\n<p>Avec l&rsquo;av\u00e8nement de l&rsquo;\u00e9lectricit\u00e9, les habitudes de vie \u00e0 domicile ont subi une transformation majeure. L&rsquo;\u00e9clairage artificiel a permis d&rsquo;\u00e9tendre les horaires d&rsquo;activit\u00e9s, rendant possibles des loisirs nocturnes et des usages pratiques du temps.<\/p>\n\n<figure class=\"is-provider-youtube is-type-video wp-block-embed wp-block-embed-youtube wp-embed-aspect-16-9 wp-has-aspect-ratio\"><div class=\"wp-block-embed__wrapper\">\n<iframe title=\"L\u2019histoire de l\u2019\u00e9lectricit\u00e9 https:\/\/youtu.be\/pMzvLnFZ3Hw?si=6IgR6cXtHiv62rGe\" width=\"500\" height=\"281\" src=\"https:\/\/www.youtube.com\/embed\/nM7lCSM0Zfg?feature=oembed\" frameborder=\"0\" allow=\"accelerometer; autoplay; clipboard-write; encrypted-media; gyroscope; picture-in-picture; web-share\" referrerpolicy=\"strict-origin-when-cross-origin\" allowfullscreen><\/iframe>\n<\/div><\/figure>\n\n<p>Les premiers appareils \u00e9lectrom\u00e9nagers, tels que les r\u00e9frig\u00e9rateurs et les aspirateurs, ont fait leur apparition dans les ann\u00e9es 1930, devenant progressivement des \u00e9l\u00e9ments essentiels au confort moderne.<\/p>\n\n<ul class=\"wp-block-list\"><li>R\u00e9frig\u00e9rateur : Ann\u00e9es 1930<\/li><li>T\u00e9l\u00e9vision : Ann\u00e9es 1950<\/li><li>Ordinateur : Ann\u00e9es 1980<\/li><\/ul>\n\n<p>Ces innovations ont red\u00e9fini la dynamique familiale, lib\u00e9rant du temps pour d&rsquo;autres activit\u00e9s et contribuant ainsi \u00e0 l&rsquo;\u00e9mergence d&rsquo;une classe moyenne d\u00e9sireuse de confort.<\/p>\n\n<h2 class=\"wp-block-heading\"><span class=\"ez-toc-section\" id=\"Lelectrification-des-zones-rurales-et-legalite-des-chances\"><\/span>L&rsquo;\u00e9lectrification des zones rurales et l&rsquo;\u00e9galit\u00e9 des chances<span class=\"ez-toc-section-end\"><\/span><\/h2>\n\n<p>Dans les d\u00e9cennies suivantes, des initiatives gouvernementales ont \u00e9t\u00e9 mises en \u0153uvre pour proc\u00e9der \u00e0 l\u2019\u00e9lectrification des campagnes. Ce projet avait pour but d&rsquo;\u00e9galiser les conditions de vie entre citadins et ruraux, cr\u00e9ant ainsi un effet d&rsquo;\u00e9mancipation sociale apr\u00e8s la Seconde Guerre mondiale.<\/p>\n\n\n\n<ul class=\"wp-block-list\"><li>1950 : 30 % des foyers sont \u00e9lectrifi\u00e9s<\/li><li>1970 : \u00c9lectrification atteignant presque 100 % des foyers<\/li><li>Impact sur l&#8217;emploi, cr\u00e9ation d&#8217;emplois dans le secteur \u00e9lectrique<\/li><\/ul>\n\n<figure class=\"wp-block-table\"><table>\n<thead>\n<tr>\n<th>Ann\u00e9e<\/th>\n<th>Taux d&rsquo;\u00e9lectrification<\/th>\n<th>Impact<\/th>\n<\/tr>\n<\/thead>\n<tbody>\n<tr>\n<td>1950<\/td>\n<td>30%<\/td>\n<td>\u00c9lectrification limit\u00e9e aux zones urbaines<\/td>\n<\/tr>\n<tr>\n<td>1970<\/td>\n<td>Pr\u00e8s de 100%<\/td>\n<td>D\u00e9mocratisation et acc\u00e8s universel \u00e0 l&rsquo;\u00e9lectricit\u00e9<\/td>\n<\/tr>\n<\/tbody>\n<\/table><\/figure>\n\n<p>L&rsquo;\u00e9lectricit\u00e9 a jou\u00e9 un r\u00f4le fondamental dans l&rsquo;\u00e9galit\u00e9 des conditions, permettant aux r\u00e9gions rurales d\u2019acc\u00e9der aux m\u00eames opportunit\u00e9s que les citadins. Cette avanc\u00e9e a \u00e9t\u00e9 accompagn\u00e9e par des entreprises pionni\u00e8res telles qu&rsquo;EDF et <strong>Schneider Electric<\/strong>, qui ont \u00e9t\u00e9 des acteurs cl\u00e9s dans le d\u00e9veloppement des infrastructures \u00e9lectriques.<\/p>\n\n<h3 class=\"wp-block-heading\"><span class=\"ez-toc-section\" id=\"La-transition-vers-des-solutions-durables-en-2025\"><\/span>La transition vers des solutions durables en 2025<span class=\"ez-toc-section-end\"><\/span><\/h3>\n\n<p>Le paysage \u00e9lectrique fran\u00e7ais a encore \u00e9volu\u00e9, int\u00e9grant aujourd&rsquo;hui des pr\u00e9occupations environnementales. Les consommateurs se tournent de plus en plus vers des options comme l&rsquo;\u00e9nergie solaire et \u00e9olienne, favorisant un avenir durable.<\/p>\n\n<figure class=\"is-provider-youtube is-type-video wp-block-embed wp-block-embed-youtube wp-embed-aspect-16-9 wp-has-aspect-ratio\"><div class=\"wp-block-embed__wrapper\">\n<iframe title=\"Histoire de l&#039;\u00e9lectricit\u00e9\" width=\"500\" height=\"375\" src=\"https:\/\/www.youtube.com\/embed\/Vk8L3chNkJY?feature=oembed\" frameborder=\"0\" allow=\"accelerometer; autoplay; clipboard-write; encrypted-media; gyroscope; picture-in-picture; web-share\" referrerpolicy=\"strict-origin-when-cross-origin\" allowfullscreen><\/iframe>\n<\/div><\/figure>\n\n<ul class=\"wp-block-list\"><li>Utilisation de l&rsquo;\u00e9nergie solaire : r\u00e9duction des \u00e9missions de CO2<\/li><li>\u00c9nergie \u00e9olienne : recours \u00e0 des ressources renouvelables<\/li><li>Hydro\u00e9lectricit\u00e9 : faible empreinte \u00e9cologique<\/li><\/ul>\n\n<figure class=\"wp-block-table\"><table>\n<thead>\n<tr>\n<th>Type de solution<\/th>\n<th>Impact environnemental<\/th>\n<\/tr>\n<\/thead>\n<tbody>\n<tr>\n<td>\u00c9nergie Solaire<\/td>\n<td>R\u00e9duction des \u00e9missions de CO2<\/td>\n<\/tr>\n<tr>\n<td>\u00c9nergie \u00c9olienne<\/td>\n<td>Utilisation de ressources renouvelables<\/td>\n<\/tr>\n<tr>\n<td>Hydro\u00e9lectricit\u00e9<\/td>\n<td>Faible empreinte \u00e9cologique<\/td>\n<\/tr>\n<\/tbody>\n<\/table><\/figure>\n\n<p>Les entreprises comme <strong>Legrand<\/strong> et <strong>Osram France<\/strong> continuent d\u2019innover pour r\u00e9pondre \u00e0 ces nouveaux besoins, proposant des solutions adapt\u00e9es pour rendre les foyers plus \u00e9coresponsables. Ainsi, l\u2019\u00e9lectricit\u00e9, toujours au c\u0153ur du quotidien, se transforme pour r\u00e9pondre aux enjeux contemporains.<\/p>\n\n<p>Cette histoire d&rsquo;\u00e9lectrification fait \u00e9cho \u00e0 notre rapport \u00e0 l&rsquo;\u00e9nergie, nourrissant une r\u00e9flexion sur les d\u00e9fis actuels de durabilit\u00e9 et d&rsquo;usage responsable.<\/p>\n\n","protected":false},"excerpt":{"rendered":"<p>\u00c0 la fin du XIXe si\u00e8cle, l\u2019introduction de l&rsquo;\u00e9lectricit\u00e9 a v\u00e9ritablement boulevers\u00e9 le quotidien des Fran\u00e7ais. Ce changement radical est [&hellip;]<\/p>\n","protected":false},"author":7,"featured_media":0,"comment_status":"open","ping_status":"close","sticky":false,"template":"","format":"standard","meta":{"site-sidebar-layout":"default","site-content-layout":"","ast-site-content-layout":"default","site-content-style":"default","site-sidebar-style":"default","ast-global-header-display":"","ast-banner-title-visibility":"","ast-main-header-display":"","ast-hfb-above-header-display":"","ast-hfb-below-header-display":"","ast-hfb-mobile-header-display":"","site-post-title":"","ast-breadcrumbs-content":"","ast-featured-img":"","footer-sml-layout":"","ast-disable-related-posts":"","theme-transparent-header-meta":"","adv-header-id-meta":"","stick-header-meta":"","header-above-stick-meta":"","header-main-stick-meta":"","header-below-stick-meta":"","astra-migrate-meta-layouts":"default","ast-page-background-enabled":"default","ast-page-background-meta":{"desktop":{"background-color":"var(--ast-global-color-4)","background-image":"","background-repeat":"repeat","background-position":"center center","background-size":"auto","background-attachment":"scroll","background-type":"","background-media":"","overlay-type":"","overlay-color":"","overlay-opacity":"","overlay-gradient":""},"tablet":{"background-color":"","background-image":"","background-repeat":"repeat","background-position":"center center","background-size":"auto","background-attachment":"scroll","background-type":"","background-media":"","overlay-type":"","overlay-color":"","overlay-opacity":"","overlay-gradient":""},"mobile":{"background-color":"","background-image":"","background-repeat":"repeat","background-position":"center center","background-size":"auto","background-attachment":"scroll","background-type":"","background-media":"","overlay-type":"","overlay-color":"","overlay-opacity":"","overlay-gradient":""}},"ast-content-background-meta":{"desktop":{"background-color":"var(--ast-global-color-5)","background-image":"","background-repeat":"repeat","background-position":"center center","background-size":"auto","background-attachment":"scroll","background-type":"","background-media":"","overlay-type":"","overlay-color":"","overlay-opacity":"","overlay-gradient":""},"tablet":{"background-color":"var(--ast-global-color-5)","background-image":"","background-repeat":"repeat","background-position":"center center","background-size":"auto","background-attachment":"scroll","background-type":"","background-media":"","overlay-type":"","overlay-color":"","overlay-opacity":"","overlay-gradient":""},"mobile":{"background-color":"var(--ast-global-color-5)","background-image":"","background-repeat":"repeat","background-position":"center center","background-size":"auto","background-attachment":"scroll","background-type":"","background-media":"","overlay-type":"","overlay-color":"","overlay-opacity":"","overlay-gradient":""}},"footnotes":""},"categories":[1537],"tags":[],"class_list":["post-6126","post","type-post","status-publish","format-standard","hentry","category-chaleur-courant"],"_links":{"self":[{"href":"https:\/\/www.le-mag-travaux.com\/blog\/wp-json\/wp\/v2\/posts\/6126","targetHints":{"allow":["GET"]}}],"collection":[{"href":"https:\/\/www.le-mag-travaux.com\/blog\/wp-json\/wp\/v2\/posts"}],"about":[{"href":"https:\/\/www.le-mag-travaux.com\/blog\/wp-json\/wp\/v2\/types\/post"}],"author":[{"embeddable":true,"href":"https:\/\/www.le-mag-travaux.com\/blog\/wp-json\/wp\/v2\/users\/7"}],"replies":[{"embeddable":true,"href":"https:\/\/www.le-mag-travaux.com\/blog\/wp-json\/wp\/v2\/comments?post=6126"}],"version-history":[{"count":0,"href":"https:\/\/www.le-mag-travaux.com\/blog\/wp-json\/wp\/v2\/posts\/6126\/revisions"}],"wp:attachment":[{"href":"https:\/\/www.le-mag-travaux.com\/blog\/wp-json\/wp\/v2\/media?parent=6126"}],"wp:term":[{"taxonomy":"category","embeddable":true,"href":"https:\/\/www.le-mag-travaux.com\/blog\/wp-json\/wp\/v2\/categories?post=6126"},{"taxonomy":"post_tag","embeddable":true,"href":"https:\/\/www.le-mag-travaux.com\/blog\/wp-json\/wp\/v2\/tags?post=6126"}],"curies":[{"name":"wp","href":"https:\/\/api.w.org\/{rel}","templated":true}]}}