{"id":6193,"date":"2025-12-03T13:25:06","date_gmt":"2025-12-03T07:55:06","guid":{"rendered":"https:\/\/www.le-mag-travaux.com\/blog\/?p=6193"},"modified":"2025-12-03T13:25:07","modified_gmt":"2025-12-03T07:55:07","slug":"amenager-son-exterieur-faire-de-son-jardin-une-veritable-piece-de-vie","status":"publish","type":"post","link":"https:\/\/www.le-mag-travaux.com\/blog\/amenager-son-exterieur-faire-de-son-jardin-une-veritable-piece-de-vie","title":{"rendered":"Am\u00e9nager son ext\u00e9rieur : faire de son jardin une v\u00e9ritable pi\u00e8ce de vie"},"content":{"rendered":"\n<p>De nos jours, la maison ne se limite plus \u00e0 l\u2019espace int\u00e9rieur. Le jardin, la terrasse ou m\u00eame un simple balcon peuvent \u00eatre transform\u00e9s en v\u00e9ritables extensions de l\u2019habitat. Ces am\u00e9nagements ext\u00e9rieurs gagnent en popularit\u00e9 car ils offrent un espace de d\u00e9tente, de convivialit\u00e9 et d\u2019\u00e9vasion\u2026 sans quitter son domicile. Optimiser son ext\u00e9rieur, c\u2019est valoriser sa maison tout en profitant pleinement de chaque m\u00e8tre carr\u00e9 disponible.<\/p>\n\n\n\n<div id=\"ez-toc-container\" class=\"ez-toc-v2_0_82_2 counter-hierarchy ez-toc-counter ez-toc-custom ez-toc-container-direction\">\n<div class=\"ez-toc-title-container\">\n<div class=\"ez-toc-title ez-toc-toggle\" style=\"cursor:pointer\">Sommaire : <\/div>\n<span class=\"ez-toc-title-toggle\"><a href=\"#\" class=\"ez-toc-pull-right ez-toc-btn ez-toc-btn-xs ez-toc-btn-default ez-toc-toggle\" aria-label=\"Toggle Table of Content\"><span class=\"ez-toc-js-icon-con\"><span class=\"\"><span class=\"eztoc-hide\" style=\"display:none;\">Toggle<\/span><span class=\"ez-toc-icon-toggle-span\"><svg style=\"fill: #545454;color:#545454\" xmlns=\"http:\/\/www.w3.org\/2000\/svg\" class=\"list-377408\" width=\"20px\" height=\"20px\" viewBox=\"0 0 24 24\" fill=\"none\"><path d=\"M6 6H4v2h2V6zm14 0H8v2h12V6zM4 11h2v2H4v-2zm16 0H8v2h12v-2zM4 16h2v2H4v-2zm16 0H8v2h12v-2z\" fill=\"currentColor\"><\/path><\/svg><svg style=\"fill: #545454;color:#545454\" class=\"arrow-unsorted-368013\" xmlns=\"http:\/\/www.w3.org\/2000\/svg\" width=\"10px\" height=\"10px\" viewBox=\"0 0 24 24\" version=\"1.2\" baseProfile=\"tiny\"><path d=\"M18.2 9.3l-6.2-6.3-6.2 6.3c-.2.2-.3.4-.3.7s.1.5.3.7c.2.2.4.3.7.3h11c.3 0 .5-.1.7-.3.2-.2.3-.5.3-.7s-.1-.5-.3-.7zM5.8 14.7l6.2 6.3 6.2-6.3c.2-.2.3-.5.3-.7s-.1-.5-.3-.7c-.2-.2-.4-.3-.7-.3h-11c-.3 0-.5.1-.7.3-.2.2-.3.5-.3.7s.1.5.3.7z\"\/><\/svg><\/span><\/span><\/span><\/a><\/span><\/div>\n<nav><ul class='ez-toc-list ez-toc-list-level-1 ' ><li class='ez-toc-page-1 ez-toc-heading-level-2'><a class=\"ez-toc-link ez-toc-heading-1\" href=\"https:\/\/www.le-mag-travaux.com\/blog\/amenager-son-exterieur-faire-de-son-jardin-une-veritable-piece-de-vie\/#Creer-une-terrasse-accueillante-et-fonctionnelle\" >Cr\u00e9er une terrasse accueillante et fonctionnelle<\/a><\/li><li class='ez-toc-page-1 ez-toc-heading-level-2'><a class=\"ez-toc-link ez-toc-heading-2\" href=\"https:\/\/www.le-mag-travaux.com\/blog\/amenager-son-exterieur-faire-de-son-jardin-une-veritable-piece-de-vie\/#Structurer-lespace-avec-des-elements-paysagers\" >Structurer l\u2019espace avec des \u00e9l\u00e9ments paysagers<\/a><\/li><li class='ez-toc-page-1 ez-toc-heading-level-2'><a class=\"ez-toc-link ez-toc-heading-3\" href=\"https:\/\/www.le-mag-travaux.com\/blog\/amenager-son-exterieur-faire-de-son-jardin-une-veritable-piece-de-vie\/#Installer-des-zones-dactivites-personnalisees\" >Installer des zones d\u2019activit\u00e9s personnalis\u00e9es<\/a><\/li><li class='ez-toc-page-1 ez-toc-heading-level-2'><a class=\"ez-toc-link ez-toc-heading-4\" href=\"https:\/\/www.le-mag-travaux.com\/blog\/amenager-son-exterieur-faire-de-son-jardin-une-veritable-piece-de-vie\/#Une-valeur-ajoutee-pour-la-maison-et-la-qualite-de-vie\" >Une valeur ajout\u00e9e pour la maison et la qualit\u00e9 de vie<\/a><\/li><\/ul><\/nav><\/div>\n<h2 class=\"wp-block-heading\"><span class=\"ez-toc-section\" id=\"Creer-une-terrasse-accueillante-et-fonctionnelle\"><\/span><a><\/a><strong>Cr\u00e9er une terrasse accueillante et fonctionnelle<\/strong><span class=\"ez-toc-section-end\"><\/span><\/h2>\n\n\n\n<p>Qu\u2019il s\u2019agisse de bois, de composite ou de pierre naturelle, la terrasse est souvent le point central de l\u2019am\u00e9nagement ext\u00e9rieur. Elle devient un espace o\u00f9 l\u2019on prend ses repas, o\u00f9 l\u2019on re\u00e7oit des invit\u00e9s ou simplement o\u00f9 l\u2019on se d\u00e9tend. L\u2019ajout d\u2019un salon de jardin confortable, d\u2019un \u00e9clairage doux ou d\u2019un voile d\u2019ombrage peut compl\u00e8tement transformer ce lieu. L\u2019important est d\u2019adapter les mat\u00e9riaux et le style aux conditions climatiques locales et au design de la maison pour obtenir une harmonie visuelle.<\/p>\n\n\n\n<figure class=\"wp-block-image size-large\"><img fetchpriority=\"high\" decoding=\"async\" width=\"1079\" height=\"720\" src=\"https:\/\/www.le-mag-travaux.com\/blog\/wp-content\/uploads\/2025\/12\/amenager-exterieur-1079x720.jpg\" alt=\"\" class=\"wp-image-6194\" srcset=\"https:\/\/www.le-mag-travaux.com\/blog\/wp-content\/uploads\/2025\/12\/amenager-exterieur-1079x720.jpg 1079w, https:\/\/www.le-mag-travaux.com\/blog\/wp-content\/uploads\/2025\/12\/amenager-exterieur-768x513.jpg 768w, https:\/\/www.le-mag-travaux.com\/blog\/wp-content\/uploads\/2025\/12\/amenager-exterieur-1536x1025.jpg 1536w, https:\/\/www.le-mag-travaux.com\/blog\/wp-content\/uploads\/2025\/12\/amenager-exterieur.jpg 1618w\" sizes=\"(max-width: 1079px) 100vw, 1079px\" \/><\/figure>\n\n\n\n<h2 class=\"wp-block-heading\"><span class=\"ez-toc-section\" id=\"Structurer-lespace-avec-des-elements-paysagers\"><\/span><strong>Structurer l\u2019espace avec des \u00e9l\u00e9ments paysagers<\/strong><span class=\"ez-toc-section-end\"><\/span><\/h2>\n\n\n\n<p>Un ext\u00e9rieur bien pens\u00e9 n\u2019est pas qu\u2019un terrain vague : c\u2019est un espace structur\u00e9. All\u00e9es en pav\u00e9s, massifs v\u00e9g\u00e9taux, bordures, haies\u2026 tous ces \u00e9l\u00e9ments permettent de donner du rythme au jardin. Planter diff\u00e9remment selon les zones \u2014 aromatiques pr\u00e8s de la cuisine, fleurs color\u00e9es pr\u00e8s de la terrasse, v\u00e9g\u00e9tation basse pr\u00e8s des passages \u2014 permet de cr\u00e9er une v\u00e9ritable sc\u00e9nographie. Le jardin devient ainsi une composition vivante et \u00e9volutive.<\/p>\n\n\n\n<h2 class=\"wp-block-heading\"><span class=\"ez-toc-section\" id=\"Installer-des-zones-dactivites-personnalisees\"><\/span><a><\/a><strong>Installer des zones d\u2019activit\u00e9s personnalis\u00e9es<\/strong><span class=\"ez-toc-section-end\"><\/span><\/h2>\n\n\n\n<p>Selon les besoins, on peut<a href=\"https:\/\/east-renovation.fr\/realisations\/\" rel=\"noopener\"><u>&nbsp;am\u00e9nager des espaces<\/u><\/a>&nbsp;sp\u00e9cifiques : un coin barbecue, une aire de jeux pour enfants, un coin d\u00e9tente avec hamac ou m\u00eame une mini-serre pour cultiver fruits et l\u00e9gumes. Chaque am\u00e9nagement apporte une fonction et une identit\u00e9 au jardin. Ce n\u2019est plus seulement un espace vert, mais un lieu de vie sur mesure.<\/p>\n\n\n\n<h2 class=\"wp-block-heading\"><span class=\"ez-toc-section\" id=\"Une-valeur-ajoutee-pour-la-maison-et-la-qualite-de-vie\"><\/span><a><\/a><strong>Une valeur ajout\u00e9e pour la maison et la qualit\u00e9 de vie<\/strong><span class=\"ez-toc-section-end\"><\/span><\/h2>\n\n\n\n<p>Investir dans les am\u00e9nagements ext\u00e9rieurs, c\u2019est investir dans son bien-\u00eatre. Passer davantage de temps dehors favorise la relaxation et la sociabilit\u00e9. De plus, une maison dot\u00e9e d\u2019un ext\u00e9rieur am\u00e9nag\u00e9 gagne en attractivit\u00e9 sur le march\u00e9 immobilier : une vraie plus-value.<\/p>\n","protected":false},"excerpt":{"rendered":"<p>De nos jours, la maison ne se limite plus \u00e0 l\u2019espace int\u00e9rieur. Le jardin, la terrasse ou m\u00eame un simple [&hellip;]<\/p>\n","protected":false},"author":7,"featured_media":6194,"comment_status":"open","ping_status":"close","sticky":false,"template":"","format":"standard","meta":{"site-sidebar-layout":"default","site-content-layout":"","ast-site-content-layout":"default","site-content-style":"default","site-sidebar-style":"default","ast-global-header-display":"","ast-banner-title-visibility":"","ast-main-header-display":"","ast-hfb-above-header-display":"","ast-hfb-below-header-display":"","ast-hfb-mobile-header-display":"","site-post-title":"","ast-breadcrumbs-content":"","ast-featured-img":"","footer-sml-layout":"","ast-disable-related-posts":"","theme-transparent-header-meta":"","adv-header-id-meta":"","stick-header-meta":"","header-above-stick-meta":"","header-main-stick-meta":"","header-below-stick-meta":"","astra-migrate-meta-layouts":"default","ast-page-background-enabled":"default","ast-page-background-meta":{"desktop":{"background-color":"var(--ast-global-color-4)","background-image":"","background-repeat":"repeat","background-position":"center center","background-size":"auto","background-attachment":"scroll","background-type":"","background-media":"","overlay-type":"","overlay-color":"","overlay-opacity":"","overlay-gradient":""},"tablet":{"background-color":"","background-image":"","background-repeat":"repeat","background-position":"center center","background-size":"auto","background-attachment":"scroll","background-type":"","background-media":"","overlay-type":"","overlay-color":"","overlay-opacity":"","overlay-gradient":""},"mobile":{"background-color":"","background-image":"","background-repeat":"repeat","background-position":"center center","background-size":"auto","background-attachment":"scroll","background-type":"","background-media":"","overlay-type":"","overlay-color":"","overlay-opacity":"","overlay-gradient":""}},"ast-content-background-meta":{"desktop":{"background-color":"var(--ast-global-color-5)","background-image":"","background-repeat":"repeat","background-position":"center center","background-size":"auto","background-attachment":"scroll","background-type":"","background-media":"","overlay-type":"","overlay-color":"","overlay-opacity":"","overlay-gradient":""},"tablet":{"background-color":"var(--ast-global-color-5)","background-image":"","background-repeat":"repeat","background-position":"center center","background-size":"auto","background-attachment":"scroll","background-type":"","background-media":"","overlay-type":"","overlay-color":"","overlay-opacity":"","overlay-gradient":""},"mobile":{"background-color":"var(--ast-global-color-5)","background-image":"","background-repeat":"repeat","background-position":"center center","background-size":"auto","background-attachment":"scroll","background-type":"","background-media":"","overlay-type":"","overlay-color":"","overlay-opacity":"","overlay-gradient":""}},"footnotes":""},"categories":[1537],"tags":[],"class_list":["post-6193","post","type-post","status-publish","format-standard","has-post-thumbnail","hentry","category-chaleur-courant"],"_links":{"self":[{"href":"https:\/\/www.le-mag-travaux.com\/blog\/wp-json\/wp\/v2\/posts\/6193","targetHints":{"allow":["GET"]}}],"collection":[{"href":"https:\/\/www.le-mag-travaux.com\/blog\/wp-json\/wp\/v2\/posts"}],"about":[{"href":"https:\/\/www.le-mag-travaux.com\/blog\/wp-json\/wp\/v2\/types\/post"}],"author":[{"embeddable":true,"href":"https:\/\/www.le-mag-travaux.com\/blog\/wp-json\/wp\/v2\/users\/7"}],"replies":[{"embeddable":true,"href":"https:\/\/www.le-mag-travaux.com\/blog\/wp-json\/wp\/v2\/comments?post=6193"}],"version-history":[{"count":1,"href":"https:\/\/www.le-mag-travaux.com\/blog\/wp-json\/wp\/v2\/posts\/6193\/revisions"}],"predecessor-version":[{"id":6195,"href":"https:\/\/www.le-mag-travaux.com\/blog\/wp-json\/wp\/v2\/posts\/6193\/revisions\/6195"}],"wp:featuredmedia":[{"embeddable":true,"href":"https:\/\/www.le-mag-travaux.com\/blog\/wp-json\/wp\/v2\/media\/6194"}],"wp:attachment":[{"href":"https:\/\/www.le-mag-travaux.com\/blog\/wp-json\/wp\/v2\/media?parent=6193"}],"wp:term":[{"taxonomy":"category","embeddable":true,"href":"https:\/\/www.le-mag-travaux.com\/blog\/wp-json\/wp\/v2\/categories?post=6193"},{"taxonomy":"post_tag","embeddable":true,"href":"https:\/\/www.le-mag-travaux.com\/blog\/wp-json\/wp\/v2\/tags?post=6193"}],"curies":[{"name":"wp","href":"https:\/\/api.w.org\/{rel}","templated":true}]}}