{"id":6205,"date":"2025-12-09T17:26:36","date_gmt":"2025-12-09T11:56:36","guid":{"rendered":"https:\/\/www.le-mag-travaux.com\/blog\/pourquoi-votre-cumulus-consomme-autant-delectricite-les-erreurs-a-eviter"},"modified":"2025-12-09T17:26:36","modified_gmt":"2025-12-09T11:56:36","slug":"pourquoi-votre-cumulus-consomme-autant-delectricite-les-erreurs-a-eviter","status":"publish","type":"post","link":"https:\/\/www.le-mag-travaux.com\/blog\/pourquoi-votre-cumulus-consomme-autant-delectricite-les-erreurs-a-eviter","title":{"rendered":"Pourquoi votre cumulus consomme autant d&rsquo;\u00e9lectricit\u00e9 ? Les erreurs \u00e0 \u00e9viter"},"content":{"rendered":"<p>Le cumulus, cet appareil devenu incontournable dans nos foyers, peut rapidement se transformer en un gros consommateur d&rsquo;\u00e9lectricit\u00e9 si son utilisation n&rsquo;est pas optimis\u00e9e. Dans un contexte o\u00f9 les factures d&rsquo;\u00e9lectricit\u00e9 sont en constante augmentation, il est primordial de comprendre les facteurs qui influencent la consommation \u00e9lectrique de cet \u00e9quipement essentiel. Plusieurs erreurs courantes sont souvent commises, entra\u00eenant des d\u00e9penses \u00e9nerg\u00e9tiques inutiles et un impact environnemental plus fort qu&rsquo;il ne devrait \u00eatre.<\/p>\n\n<div id=\"ez-toc-container\" class=\"ez-toc-v2_0_82_2 counter-hierarchy ez-toc-counter ez-toc-custom ez-toc-container-direction\">\n<div class=\"ez-toc-title-container\">\n<div class=\"ez-toc-title ez-toc-toggle\" style=\"cursor:pointer\">Sommaire : <\/div>\n<span class=\"ez-toc-title-toggle\"><a href=\"#\" class=\"ez-toc-pull-right ez-toc-btn ez-toc-btn-xs ez-toc-btn-default ez-toc-toggle\" aria-label=\"Toggle Table of Content\"><span class=\"ez-toc-js-icon-con\"><span class=\"\"><span class=\"eztoc-hide\" style=\"display:none;\">Toggle<\/span><span class=\"ez-toc-icon-toggle-span\"><svg style=\"fill: #545454;color:#545454\" xmlns=\"http:\/\/www.w3.org\/2000\/svg\" class=\"list-377408\" width=\"20px\" height=\"20px\" viewBox=\"0 0 24 24\" fill=\"none\"><path d=\"M6 6H4v2h2V6zm14 0H8v2h12V6zM4 11h2v2H4v-2zm16 0H8v2h12v-2zM4 16h2v2H4v-2zm16 0H8v2h12v-2z\" fill=\"currentColor\"><\/path><\/svg><svg style=\"fill: #545454;color:#545454\" class=\"arrow-unsorted-368013\" xmlns=\"http:\/\/www.w3.org\/2000\/svg\" width=\"10px\" height=\"10px\" viewBox=\"0 0 24 24\" version=\"1.2\" baseProfile=\"tiny\"><path d=\"M18.2 9.3l-6.2-6.3-6.2 6.3c-.2.2-.3.4-.3.7s.1.5.3.7c.2.2.4.3.7.3h11c.3 0 .5-.1.7-.3.2-.2.3-.5.3-.7s-.1-.5-.3-.7zM5.8 14.7l6.2 6.3 6.2-6.3c.2-.2.3-.5.3-.7s-.1-.5-.3-.7c-.2-.2-.4-.3-.7-.3h-11c-.3 0-.5.1-.7.3-.2.2-.3.5-.3.7s.1.5.3.7z\"\/><\/svg><\/span><\/span><\/span><\/a><\/span><\/div>\n<nav><ul class='ez-toc-list ez-toc-list-level-1 ' ><li class='ez-toc-page-1 ez-toc-heading-level-2'><a class=\"ez-toc-link ez-toc-heading-1\" href=\"https:\/\/www.le-mag-travaux.com\/blog\/pourquoi-votre-cumulus-consomme-autant-delectricite-les-erreurs-a-eviter\/#Comprendre-le-fonctionnement-de-votre-cumulus\" >Comprendre le fonctionnement de votre cumulus<\/a><ul class='ez-toc-list-level-3' ><li class='ez-toc-heading-level-3'><a class=\"ez-toc-link ez-toc-heading-2\" href=\"https:\/\/www.le-mag-travaux.com\/blog\/pourquoi-votre-cumulus-consomme-autant-delectricite-les-erreurs-a-eviter\/#Cycle-de-chauffe-et-optimisation-des-reglages\" >Cycle de chauffe et optimisation des r\u00e9glages<\/a><\/li><\/ul><\/li><li class='ez-toc-page-1 ez-toc-heading-level-2'><a class=\"ez-toc-link ez-toc-heading-3\" href=\"https:\/\/www.le-mag-travaux.com\/blog\/pourquoi-votre-cumulus-consomme-autant-delectricite-les-erreurs-a-eviter\/#Les-pertes-energetiques-causes-et-solutions\" >Les pertes \u00e9nerg\u00e9tiques : causes et solutions<\/a><ul class='ez-toc-list-level-3' ><li class='ez-toc-heading-level-3'><a class=\"ez-toc-link ez-toc-heading-4\" href=\"https:\/\/www.le-mag-travaux.com\/blog\/pourquoi-votre-cumulus-consomme-autant-delectricite-les-erreurs-a-eviter\/#Adopter-des-gestes-simples-et-responsables\" >Adopter des gestes simples et responsables<\/a><\/li><\/ul><\/li><li class='ez-toc-page-1 ez-toc-heading-level-2'><a class=\"ez-toc-link ez-toc-heading-5\" href=\"https:\/\/www.le-mag-travaux.com\/blog\/pourquoi-votre-cumulus-consomme-autant-delectricite-les-erreurs-a-eviter\/#Limportance-de-lentretien-regulier\" >L&rsquo;importance de l&rsquo;entretien r\u00e9gulier<\/a><\/li><li class='ez-toc-page-1 ez-toc-heading-level-2'><a class=\"ez-toc-link ez-toc-heading-6\" href=\"https:\/\/www.le-mag-travaux.com\/blog\/pourquoi-votre-cumulus-consomme-autant-delectricite-les-erreurs-a-eviter\/#Profiter-des-aides-financieres-pour-loptimisation-de-lenergie\" >Profiter des aides financi\u00e8res pour l&rsquo;optimisation de l&rsquo;\u00e9nergie<\/a><\/li><\/ul><\/nav><\/div>\n<h2 class=\"wp-block-heading\"><span class=\"ez-toc-section\" id=\"Comprendre-le-fonctionnement-de-votre-cumulus\"><\/span>Comprendre le fonctionnement de votre cumulus<span class=\"ez-toc-section-end\"><\/span><\/h2>\n\n<p>Avant d&rsquo;apporter des ajustements pour r\u00e9duire la <strong>consommation \u00e9lectrique<\/strong>, il convient d&rsquo;appr\u00e9hender la m\u00e9canique de fonctionnement de votre cumulus. Selon le mod\u00e8le, les particularit\u00e9s de consommation peuvent varier :<\/p>\n\n<figure class=\"wp-block-table\"><table>\n<thead>\n<tr>\n<th>Type de cumulus<\/th>\n<th>Consommation<\/th>\n<\/tr>\n<\/thead>\n<tbody>\n<tr>\n<td>Cumulus standard<\/td>\n<td>\u00c9lev\u00e9e si mal isol\u00e9<\/td>\n<\/tr>\n<tr>\n<td>Cumulus \u00e0 accumulation<\/td>\n<td>Mod\u00e9r\u00e9e, selon l&rsquo;isolation<\/td>\n<\/tr>\n<tr>\n<td>Cumulus thermodynamique<\/td>\n<td>Basse, jusqu&rsquo;\u00e0 70% \u00e9conomis\u00e9<\/td>\n<\/tr>\n<tr>\n<td>Chauffe-eau instantan\u00e9<\/td>\n<td>\u00c9lev\u00e9e lors de l&rsquo;utilisation<\/td>\n<\/tr>\n<\/tbody>\n<\/table><\/figure>\n\n<p>Le choix du mod\u00e8le est donc crucial afin de minimiser les co\u00fbts sur la <strong>facture d&rsquo;\u00e9lectricit\u00e9<\/strong> tout en conservant le confort domestique.<\/p>\n\n\n\n<h3 class=\"wp-block-heading\"><span class=\"ez-toc-section\" id=\"Cycle-de-chauffe-et-optimisation-des-reglages\"><\/span>Cycle de chauffe et optimisation des r\u00e9glages<span class=\"ez-toc-section-end\"><\/span><\/h3>\n\n<p>Le cycle de chauffe, g\u00e9r\u00e9 par un <strong>thermostat<\/strong>, est un \u00e9l\u00e9ment cl\u00e9 de l&rsquo;efficacit\u00e9 \u00e9nerg\u00e9tique. Il est g\u00e9n\u00e9ralement recommand\u00e9 de r\u00e9gler la temp\u00e9rature entre 50\u00b0C et 55\u00b0C. Des r\u00e9glages mal ajust\u00e9s peuvent entra\u00eener une surconsommation :<\/p>\n\n<ul class=\"wp-block-list\"><li>R\u00e9gler le thermostat \u00e0 60\u00b0C ou plus qui augmente la consommation.<\/li><li>Ne pas utiliser un thermostat programmable pour ajuster la production d&rsquo;eau chaude.<\/li><li>Oublier de r\u00e9duire le chauffage pendant les p\u00e9riodes d&rsquo;absence.<\/li><\/ul>\n\n<p>Un simple ajustement du thermostat peut g\u00e9n\u00e9rer jusqu&rsquo;\u00e0 15% d&rsquo;\u00e9conomies sur votre consommation \u00e9lectrique.<\/p>\n\n<figure class=\"is-provider-youtube is-type-video wp-block-embed wp-block-embed-youtube wp-embed-aspect-16-9 wp-has-aspect-ratio\"><div class=\"wp-block-embed__wrapper\">\n<iframe title=\"ECONOMISER 80% de l&#039;\u00e9nergie sur le cumulus C&#039;EST POSSIBLE! DEMONSTRATION par le calcul\" width=\"500\" height=\"281\" src=\"https:\/\/www.youtube.com\/embed\/KW0s5r8oHEs?feature=oembed\" frameborder=\"0\" allow=\"accelerometer; autoplay; clipboard-write; encrypted-media; gyroscope; picture-in-picture; web-share\" referrerpolicy=\"strict-origin-when-cross-origin\" allowfullscreen><\/iframe>\n<\/div><\/figure>\n\n<h2 class=\"wp-block-heading\"><span class=\"ez-toc-section\" id=\"Les-pertes-energetiques-causes-et-solutions\"><\/span>Les pertes \u00e9nerg\u00e9tiques : causes et solutions<span class=\"ez-toc-section-end\"><\/span><\/h2>\n\n<p>Un autre facteur d\u00e9terminant de la consommation \u00e9lectrique est la perte de chaleur. Si le r\u00e9servoir de votre cumulus n&rsquo;est pas correctement isol\u00e9, il peut perdre jusqu&rsquo;\u00e0 20% de sa chaleur en seulement 24 heures. Voici quelques actions \u00e0 entreprendre pour y rem\u00e9dier :<\/p>\n\n<ul class=\"wp-block-list\"><li>V\u00e9rifier l&rsquo;isolation du r\u00e9servoir et remplacer les mat\u00e9riaux si n\u00e9cessaire.<\/li><li>Installer le cumulus dans un endroit bien isol\u00e9.<\/li><li>R\u00e9soudre tout pont thermique dans l&rsquo;environnement du cumulus.<\/li><\/ul>\n\n<figure class=\"wp-block-table\"><table>\n<thead>\n<tr>\n<th>Causes de pertes \u00e9nerg\u00e9tiques<\/th>\n<th>Solutions<\/th>\n<\/tr>\n<\/thead>\n<tbody>\n<tr>\n<td>Mauvaise isolation<\/td>\n<td>Ajustement ou remplacement de l&rsquo;isolation<\/td>\n<\/tr>\n<tr>\n<td>Local mal choisi<\/td>\n<td>D\u00e9placer le cumulus dans un espace mieux isol\u00e9<\/td>\n<\/tr>\n<tr>\n<td>Pont thermique<\/td>\n<td>R\u00e9soudre les points de d\u00e9perdition<\/td>\n<\/tr>\n<\/tbody>\n<\/table><\/figure>\n\n<p>La gestion des pertes \u00e9nerg\u00e9tiques est essentielle \u00e0 la fois pour le budget et pour l&rsquo;environnement.<\/p>\n\n\n\n<h3 class=\"wp-block-heading\"><span class=\"ez-toc-section\" id=\"Adopter-des-gestes-simples-et-responsables\"><\/span>Adopter des gestes simples et responsables<span class=\"ez-toc-section-end\"><\/span><\/h3>\n\n<p>Des gestes quotidiens peuvent \u00e9galement jouer un r\u00f4le majeur dans l&rsquo;optimisation de la consommation d&rsquo;eau chaude. Voici quelques conseils \u00e0 appliquer :<\/p>\n\n<ul class=\"wp-block-list\"><li>Privil\u00e9gier des douches plut\u00f4t que des bains, permettant une r\u00e9duction significative de la consommation.<\/li><li>Utiliser des mitigeurs thermostatiques pour ajuster la temp\u00e9rature facilement.<\/li><li>R\u00e9parer toute fuite rapidement pour \u00e9viter le gaspillage d&rsquo;eau.<\/li><\/ul>\n\n<figure class=\"is-provider-youtube is-type-video wp-block-embed wp-block-embed-youtube wp-embed-aspect-16-9 wp-has-aspect-ratio\"><div class=\"wp-block-embed__wrapper\">\n<iframe title=\"8 astuces simples pour r\u00e9duire votre consommation d&#039;\u00e9nergie\" width=\"500\" height=\"281\" src=\"https:\/\/www.youtube.com\/embed\/tTI-eShgyjk?feature=oembed\" frameborder=\"0\" allow=\"accelerometer; autoplay; clipboard-write; encrypted-media; gyroscope; picture-in-picture; web-share\" referrerpolicy=\"strict-origin-when-cross-origin\" allowfullscreen><\/iframe>\n<\/div><\/figure>\n\n<h2 class=\"wp-block-heading\"><span class=\"ez-toc-section\" id=\"Limportance-de-lentretien-regulier\"><\/span>L&rsquo;importance de l&rsquo;entretien r\u00e9gulier<span class=\"ez-toc-section-end\"><\/span><\/h2>\n\n<p>Enfin, un entretien r\u00e9gulier prolonge la dur\u00e9e de vie de votre cumulus et optimise son efficacit\u00e9 :<\/p>\n\n<ul class=\"wp-block-list\"><li>Effectuer un d\u00e9tartrage annuel pour \u00e9liminer les r\u00e9sidus accumul\u00e9s.<\/li><li>V\u00e9rifier l&rsquo;\u00e9tat de l\u2019anode sacrificielle qui pr\u00e9serve le r\u00e9servoir de la corrosion.<\/li><li>Plannifier des contr\u00f4les p\u00e9riodiques pour pr\u00e9venir d&rsquo;\u00e9ventuels dommages.<\/li><\/ul>\n\n<figure class=\"wp-block-table\"><table>\n<thead>\n<tr>\n<th>\u00c9l\u00e9ments \u00e0 entretenir<\/th>\n<th>Fr\u00e9quence recommand\u00e9e<\/th>\n<\/tr>\n<\/thead>\n<tbody>\n<tr>\n<td>D\u00e9tartrage<\/td>\n<td>Annuellement<\/td>\n<\/tr>\n<tr>\n<td>V\u00e9rification de l&rsquo;anode<\/td>\n<td>Tous les 2 ans<\/td>\n<\/tr>\n<tr>\n<td>\u00c9tat du r\u00e9servoir<\/td>\n<td>Chaque ann\u00e9e<\/td>\n<\/tr>\n<\/tbody>\n<\/table><\/figure>\n\n<p>Un bon entretien peut g\u00e9n\u00e9rer jusqu&rsquo;\u00e0 20% d&rsquo;\u00e9conomies sur la consommation d&rsquo;\u00e9lectricit\u00e9.<\/p>\n\n\n\n<h2 class=\"wp-block-heading\"><span class=\"ez-toc-section\" id=\"Profiter-des-aides-financieres-pour-loptimisation-de-lenergie\"><\/span>Profiter des aides financi\u00e8res pour l&rsquo;optimisation de l&rsquo;\u00e9nergie<span class=\"ez-toc-section-end\"><\/span><\/h2>\n\n<p>Renseignez-vous sur les <strong>aides financi\u00e8res<\/strong> disponibles pour remplacer votre ancien cumulus par un mod\u00e8le plus performant. Cela peut couvrir jusqu&rsquo;\u00e0 50% des co\u00fbts de remplacement. De plus, opter pour des technologies innovantes telles que les cumulus thermodynamiques repr\u00e9sente un investissement qui peut s\u2019av\u00e9rer rentable \u00e0 long terme.<\/p>\n\n<ul class=\"wp-block-list\"><li>Explorer les subventions locales pour l&rsquo;am\u00e9lioration \u00e9nerg\u00e9tique.<\/li><li>Investir dans des syst\u00e8mes domotiques pour g\u00e9rer l\u2019utilisation d\u2019eau chaude.<\/li><li>Comparer les \u00e9tiquettes \u00e9nerg\u00e9tiques avant l&rsquo;achat.<\/li><\/ul>\n\n<p>Les choix judicieux augmentent la <strong>performance<\/strong> tout en r\u00e9duisant les co\u00fbts.<\/p>\n\n","protected":false},"excerpt":{"rendered":"<p>Le cumulus, cet appareil devenu incontournable dans nos foyers, peut rapidement se transformer en un gros consommateur d&rsquo;\u00e9lectricit\u00e9 si son [&hellip;]<\/p>\n","protected":false},"author":7,"featured_media":0,"comment_status":"open","ping_status":"close","sticky":false,"template":"","format":"standard","meta":{"site-sidebar-layout":"default","site-content-layout":"","ast-site-content-layout":"default","site-content-style":"default","site-sidebar-style":"default","ast-global-header-display":"","ast-banner-title-visibility":"","ast-main-header-display":"","ast-hfb-above-header-display":"","ast-hfb-below-header-display":"","ast-hfb-mobile-header-display":"","site-post-title":"","ast-breadcrumbs-content":"","ast-featured-img":"","footer-sml-layout":"","ast-disable-related-posts":"","theme-transparent-header-meta":"","adv-header-id-meta":"","stick-header-meta":"","header-above-stick-meta":"","header-main-stick-meta":"","header-below-stick-meta":"","astra-migrate-meta-layouts":"default","ast-page-background-enabled":"default","ast-page-background-meta":{"desktop":{"background-color":"var(--ast-global-color-4)","background-image":"","background-repeat":"repeat","background-position":"center center","background-size":"auto","background-attachment":"scroll","background-type":"","background-media":"","overlay-type":"","overlay-color":"","overlay-opacity":"","overlay-gradient":""},"tablet":{"background-color":"","background-image":"","background-repeat":"repeat","background-position":"center center","background-size":"auto","background-attachment":"scroll","background-type":"","background-media":"","overlay-type":"","overlay-color":"","overlay-opacity":"","overlay-gradient":""},"mobile":{"background-color":"","background-image":"","background-repeat":"repeat","background-position":"center center","background-size":"auto","background-attachment":"scroll","background-type":"","background-media":"","overlay-type":"","overlay-color":"","overlay-opacity":"","overlay-gradient":""}},"ast-content-background-meta":{"desktop":{"background-color":"var(--ast-global-color-5)","background-image":"","background-repeat":"repeat","background-position":"center center","background-size":"auto","background-attachment":"scroll","background-type":"","background-media":"","overlay-type":"","overlay-color":"","overlay-opacity":"","overlay-gradient":""},"tablet":{"background-color":"var(--ast-global-color-5)","background-image":"","background-repeat":"repeat","background-position":"center center","background-size":"auto","background-attachment":"scroll","background-type":"","background-media":"","overlay-type":"","overlay-color":"","overlay-opacity":"","overlay-gradient":""},"mobile":{"background-color":"var(--ast-global-color-5)","background-image":"","background-repeat":"repeat","background-position":"center center","background-size":"auto","background-attachment":"scroll","background-type":"","background-media":"","overlay-type":"","overlay-color":"","overlay-opacity":"","overlay-gradient":""}},"footnotes":""},"categories":[1537],"tags":[],"class_list":["post-6205","post","type-post","status-publish","format-standard","hentry","category-chaleur-courant"],"_links":{"self":[{"href":"https:\/\/www.le-mag-travaux.com\/blog\/wp-json\/wp\/v2\/posts\/6205","targetHints":{"allow":["GET"]}}],"collection":[{"href":"https:\/\/www.le-mag-travaux.com\/blog\/wp-json\/wp\/v2\/posts"}],"about":[{"href":"https:\/\/www.le-mag-travaux.com\/blog\/wp-json\/wp\/v2\/types\/post"}],"author":[{"embeddable":true,"href":"https:\/\/www.le-mag-travaux.com\/blog\/wp-json\/wp\/v2\/users\/7"}],"replies":[{"embeddable":true,"href":"https:\/\/www.le-mag-travaux.com\/blog\/wp-json\/wp\/v2\/comments?post=6205"}],"version-history":[{"count":0,"href":"https:\/\/www.le-mag-travaux.com\/blog\/wp-json\/wp\/v2\/posts\/6205\/revisions"}],"wp:attachment":[{"href":"https:\/\/www.le-mag-travaux.com\/blog\/wp-json\/wp\/v2\/media?parent=6205"}],"wp:term":[{"taxonomy":"category","embeddable":true,"href":"https:\/\/www.le-mag-travaux.com\/blog\/wp-json\/wp\/v2\/categories?post=6205"},{"taxonomy":"post_tag","embeddable":true,"href":"https:\/\/www.le-mag-travaux.com\/blog\/wp-json\/wp\/v2\/tags?post=6205"}],"curies":[{"name":"wp","href":"https:\/\/api.w.org\/{rel}","templated":true}]}}