{"id":6228,"date":"2025-12-18T20:48:19","date_gmt":"2025-12-18T15:18:19","guid":{"rendered":"https:\/\/www.le-mag-travaux.com\/blog\/?p=6228"},"modified":"2025-12-18T20:48:20","modified_gmt":"2025-12-18T15:18:20","slug":"escalier-garde-corps-plan-de-travail-comment-obtenir-la-piece-metallique-parfaite-pour-votre-projet","status":"publish","type":"post","link":"https:\/\/www.le-mag-travaux.com\/blog\/escalier-garde-corps-plan-de-travail-comment-obtenir-la-piece-metallique-parfaite-pour-votre-projet","title":{"rendered":"Escalier, garde-corps, plan de travail\u00a0: comment obtenir la pi\u00e8ce m\u00e9tallique parfaite pour votre projet\u2009?"},"content":{"rendered":"\n<p>Vous l\u2019avez imagin\u00e9 pendant des semaines. Ce nouvel escalier qui transformerait votre int\u00e9rieur, ce garde-corps moderne pour votre terrasse ou ce plan de travail en inox qui changera tout dans votre cuisine. Vous avez tout pr\u00e9par\u00e9. Pourtant, lors de l\u2019installation, quelque chose cloche. Des espaces mal align\u00e9s, des finitions imparfaites, des ajustements qui n\u2019en finissent pas\u2026 La d\u00e9ception vous gagne et vous vous demandez si le professionnel a bien fait son travail.<\/p>\n\n\n\n<p>C\u2019est une situation frustrante, mais malheureusement courante. D\u00e9couvrez les erreurs fr\u00e9quentes que rencontrent de nombreux particuliers et comment les \u00e9viter gr\u00e2ce \u00e0 une approche professionnelle.<\/p>\n\n\n\n<div id=\"ez-toc-container\" class=\"ez-toc-v2_0_82_2 counter-hierarchy ez-toc-counter ez-toc-custom ez-toc-container-direction\">\n<div class=\"ez-toc-title-container\">\n<div class=\"ez-toc-title ez-toc-toggle\" style=\"cursor:pointer\">Sommaire : <\/div>\n<span class=\"ez-toc-title-toggle\"><a href=\"#\" class=\"ez-toc-pull-right ez-toc-btn ez-toc-btn-xs ez-toc-btn-default ez-toc-toggle\" aria-label=\"Toggle Table of Content\"><span class=\"ez-toc-js-icon-con\"><span class=\"\"><span class=\"eztoc-hide\" style=\"display:none;\">Toggle<\/span><span class=\"ez-toc-icon-toggle-span\"><svg style=\"fill: #545454;color:#545454\" xmlns=\"http:\/\/www.w3.org\/2000\/svg\" class=\"list-377408\" width=\"20px\" height=\"20px\" viewBox=\"0 0 24 24\" fill=\"none\"><path d=\"M6 6H4v2h2V6zm14 0H8v2h12V6zM4 11h2v2H4v-2zm16 0H8v2h12v-2zM4 16h2v2H4v-2zm16 0H8v2h12v-2z\" fill=\"currentColor\"><\/path><\/svg><svg style=\"fill: #545454;color:#545454\" class=\"arrow-unsorted-368013\" xmlns=\"http:\/\/www.w3.org\/2000\/svg\" width=\"10px\" height=\"10px\" viewBox=\"0 0 24 24\" version=\"1.2\" baseProfile=\"tiny\"><path d=\"M18.2 9.3l-6.2-6.3-6.2 6.3c-.2.2-.3.4-.3.7s.1.5.3.7c.2.2.4.3.7.3h11c.3 0 .5-.1.7-.3.2-.2.3-.5.3-.7s-.1-.5-.3-.7zM5.8 14.7l6.2 6.3 6.2-6.3c.2-.2.3-.5.3-.7s-.1-.5-.3-.7c-.2-.2-.4-.3-.7-.3h-11c-.3 0-.5.1-.7.3-.2.2-.3.5-.3.7s.1.5.3.7z\"\/><\/svg><\/span><\/span><\/span><\/a><\/span><\/div>\n<nav><ul class='ez-toc-list ez-toc-list-level-1 ' ><li class='ez-toc-page-1 ez-toc-heading-level-2'><a class=\"ez-toc-link ez-toc-heading-1\" href=\"https:\/\/www.le-mag-travaux.com\/blog\/escalier-garde-corps-plan-de-travail-comment-obtenir-la-piece-metallique-parfaite-pour-votre-projet\/#Les-limites-des-pieces-metalliques-standards\" >Les limites des pi\u00e8ces m\u00e9talliques standards<\/a><\/li><li class='ez-toc-page-1 ez-toc-heading-level-2'><a class=\"ez-toc-link ez-toc-heading-2\" href=\"https:\/\/www.le-mag-travaux.com\/blog\/escalier-garde-corps-plan-de-travail-comment-obtenir-la-piece-metallique-parfaite-pour-votre-projet\/#Pourquoi-choisir-le-sur-mesure%E2%80%89\" >Pourquoi choisir le sur-mesure\u2009?<\/a><\/li><li class='ez-toc-page-1 ez-toc-heading-level-2'><a class=\"ez-toc-link ez-toc-heading-3\" href=\"https:\/\/www.le-mag-travaux.com\/blog\/escalier-garde-corps-plan-de-travail-comment-obtenir-la-piece-metallique-parfaite-pour-votre-projet\/#Quelques-conseils-pratiques-pour-garantir-des-materiaux-sur-mesure\" >Quelques conseils pratiques pour garantir des mat\u00e9riaux sur mesure<\/a><\/li><\/ul><\/nav><\/div>\n<h2 class=\"wp-block-heading\"><span class=\"ez-toc-section\" id=\"Les-limites-des-pieces-metalliques-standards\"><\/span>Les limites des pi\u00e8ces m\u00e9talliques standards<span class=\"ez-toc-section-end\"><\/span><\/h2>\n\n\n\n<p>Avant de bl\u00e2mer l\u2019installateur, posez-vous les bonnes questions&nbsp;:&nbsp;<em>avez-vous r\u00e9ellement pris l\u2019initiative de concevoir vos propres solutions\u2009?<\/em>&nbsp;<em>Avez-vous choisi ce qui correspondait exactement \u00e0 votre projet ou vous \u00eates-vous content\u00e9 de s\u00e9lectionner parmi les options existantes\u2009?<\/em><\/p>\n\n\n\n<p>Dans la majorit\u00e9 des cas, nous sommes nombreux \u00e0 nous tourner vers des mat\u00e9riaux pr\u00e9fabriqu\u00e9s, des dimensions standards, des solutions pr\u00eates \u00e0 installer. La raison\u2009? Minimiser les co\u00fbts, simplifier le processus, faire comme tout le monde. C\u2019est compr\u00e9hensible, c\u2019est rassurant et c\u2019est ce que tout le monde fait.<\/p>\n\n\n\n<p>Mais est-ce vraiment le meilleur choix pour votre projet sp\u00e9cifique\u2009? M\u00eame si les solutions standards r\u00e9ussissent \u00e0 plusieurs, doit-on syst\u00e9matiquement se tourner vers elles\u2009? La v\u00e9rit\u00e9, c\u2019est que contacter un professionnel de la&nbsp;<a href=\"https:\/\/www.decoupesurmesure.com\/\" rel=\"noopener\">d\u00e9coupe sur mesure<\/a>&nbsp;apporte de nombreux avantages que nous ignorons souvent. Des avantages qui transforment radicalement la r\u00e9ussite d\u2019un projet de r\u00e9novation.<\/p>\n\n\n\n<figure class=\"wp-block-image size-full\"><img fetchpriority=\"high\" decoding=\"async\" width=\"828\" height=\"578\" src=\"https:\/\/www.le-mag-travaux.com\/blog\/wp-content\/uploads\/2025\/12\/escalier.jpeg\" alt=\"\" class=\"wp-image-6229\" srcset=\"https:\/\/www.le-mag-travaux.com\/blog\/wp-content\/uploads\/2025\/12\/escalier.jpeg 828w, https:\/\/www.le-mag-travaux.com\/blog\/wp-content\/uploads\/2025\/12\/escalier-768x536.jpeg 768w\" sizes=\"(max-width: 828px) 100vw, 828px\" \/><\/figure>\n\n\n\n<h2 class=\"wp-block-heading\"><span class=\"ez-toc-section\" id=\"Pourquoi-choisir-le-sur-mesure%E2%80%89\"><\/span>Pourquoi choisir le sur-mesure\u2009?<span class=\"ez-toc-section-end\"><\/span><\/h2>\n\n\n\n<p>Le sur-mesure&nbsp;<strong>permet de concevoir des pi\u00e8ces parfaitement adapt\u00e9es aux dimensions et aux contraintes sp\u00e9cifiques de votre projet<\/strong>. Toutes les particularit\u00e9s du lieu sont prises en compte d\u00e8s la phase de conception, ce qui garantit un rendu \u00e0 la fois fonctionnel et harmonieux.<\/p>\n\n\n\n<p>Sur le long terme, le sur-mesure repr\u00e9sente \u00e9galement un investissement judicieux. Des pi\u00e8ces parfaitement ajust\u00e9es limitent l\u2019usure pr\u00e9matur\u00e9e, r\u00e9duisent les risques de d\u00e9fauts et assurent une meilleure durabilit\u00e9.<\/p>\n\n\n\n<p>En confiant la conception et la fabrication \u00e0 des sp\u00e9cialistes de la&nbsp;<a href=\"https:\/\/www.decoupesurmesure.com\/production-de-pieces-industrielles-haute-performance-pour-secteurs-exigeants-automobile-aeronautique\/\" rel=\"noopener\">Production de pi\u00e8ces industrielles haute performance pour secteurs exigeants<\/a>, vous vous assurez d\u2019obtenir un r\u00e9sultat pr\u00e9cis et durable. Ces experts ma\u00eetrisent la d\u00e9coupe sur mesure, les finitions et le respect des standards de qualit\u00e9 les plus stricts, transformant votre projet en installation s\u00fbre et parfaitement int\u00e9gr\u00e9e.<\/p>\n\n\n\n<h2 class=\"wp-block-heading\"><span class=\"ez-toc-section\" id=\"Quelques-conseils-pratiques-pour-garantir-des-materiaux-sur-mesure\"><\/span>Quelques conseils pratiques pour garantir des mat\u00e9riaux sur mesure<span class=\"ez-toc-section-end\"><\/span><\/h2>\n\n\n\n<p>Pour obtenir le meilleur r\u00e9sultat, il est essentiel de collaborer avec des professionnels exp\u00e9riment\u00e9s.&nbsp;<strong>Fournissez des mesures pr\u00e9cises et d\u00e9crivez clairement l\u2019usage attendu des pi\u00e8ces<\/strong>. N\u2019h\u00e9sitez pas \u00e0 demander des prototypes ou des simulations avant la fabrication d\u00e9finitive. Enfin, v\u00e9rifiez la qualit\u00e9 des mat\u00e9riaux et la conformit\u00e9 aux normes de s\u00e9curit\u00e9 ainsi que vos installations sont \u00e0 la fois esth\u00e9tiques et fiables sur le long terme. Pour des id\u00e9es tendance \u00e0 adopter dans votre cuisine, consultez&nbsp;<a href=\"https:\/\/www.admagazine.fr\/article\/tendances-phares-adopter-cuisine-2025\" rel=\"noopener\">ce site<\/a>.<\/p>\n\n\n\n<p><\/p>\n","protected":false},"excerpt":{"rendered":"<p>Vous l\u2019avez imagin\u00e9 pendant des semaines. Ce nouvel escalier qui transformerait votre int\u00e9rieur, ce garde-corps moderne pour votre terrasse ou [&hellip;]<\/p>\n","protected":false},"author":7,"featured_media":6230,"comment_status":"open","ping_status":"close","sticky":false,"template":"","format":"standard","meta":{"site-sidebar-layout":"default","site-content-layout":"","ast-site-content-layout":"default","site-content-style":"default","site-sidebar-style":"default","ast-global-header-display":"","ast-banner-title-visibility":"","ast-main-header-display":"","ast-hfb-above-header-display":"","ast-hfb-below-header-display":"","ast-hfb-mobile-header-display":"","site-post-title":"","ast-breadcrumbs-content":"","ast-featured-img":"","footer-sml-layout":"","ast-disable-related-posts":"","theme-transparent-header-meta":"","adv-header-id-meta":"","stick-header-meta":"","header-above-stick-meta":"","header-main-stick-meta":"","header-below-stick-meta":"","astra-migrate-meta-layouts":"default","ast-page-background-enabled":"default","ast-page-background-meta":{"desktop":{"background-color":"var(--ast-global-color-4)","background-image":"","background-repeat":"repeat","background-position":"center center","background-size":"auto","background-attachment":"scroll","background-type":"","background-media":"","overlay-type":"","overlay-color":"","overlay-opacity":"","overlay-gradient":""},"tablet":{"background-color":"","background-image":"","background-repeat":"repeat","background-position":"center center","background-size":"auto","background-attachment":"scroll","background-type":"","background-media":"","overlay-type":"","overlay-color":"","overlay-opacity":"","overlay-gradient":""},"mobile":{"background-color":"","background-image":"","background-repeat":"repeat","background-position":"center center","background-size":"auto","background-attachment":"scroll","background-type":"","background-media":"","overlay-type":"","overlay-color":"","overlay-opacity":"","overlay-gradient":""}},"ast-content-background-meta":{"desktop":{"background-color":"var(--ast-global-color-5)","background-image":"","background-repeat":"repeat","background-position":"center center","background-size":"auto","background-attachment":"scroll","background-type":"","background-media":"","overlay-type":"","overlay-color":"","overlay-opacity":"","overlay-gradient":""},"tablet":{"background-color":"var(--ast-global-color-5)","background-image":"","background-repeat":"repeat","background-position":"center center","background-size":"auto","background-attachment":"scroll","background-type":"","background-media":"","overlay-type":"","overlay-color":"","overlay-opacity":"","overlay-gradient":""},"mobile":{"background-color":"var(--ast-global-color-5)","background-image":"","background-repeat":"repeat","background-position":"center center","background-size":"auto","background-attachment":"scroll","background-type":"","background-media":"","overlay-type":"","overlay-color":"","overlay-opacity":"","overlay-gradient":""}},"footnotes":""},"categories":[1537],"tags":[],"class_list":["post-6228","post","type-post","status-publish","format-standard","has-post-thumbnail","hentry","category-chaleur-courant"],"_links":{"self":[{"href":"https:\/\/www.le-mag-travaux.com\/blog\/wp-json\/wp\/v2\/posts\/6228","targetHints":{"allow":["GET"]}}],"collection":[{"href":"https:\/\/www.le-mag-travaux.com\/blog\/wp-json\/wp\/v2\/posts"}],"about":[{"href":"https:\/\/www.le-mag-travaux.com\/blog\/wp-json\/wp\/v2\/types\/post"}],"author":[{"embeddable":true,"href":"https:\/\/www.le-mag-travaux.com\/blog\/wp-json\/wp\/v2\/users\/7"}],"replies":[{"embeddable":true,"href":"https:\/\/www.le-mag-travaux.com\/blog\/wp-json\/wp\/v2\/comments?post=6228"}],"version-history":[{"count":1,"href":"https:\/\/www.le-mag-travaux.com\/blog\/wp-json\/wp\/v2\/posts\/6228\/revisions"}],"predecessor-version":[{"id":6231,"href":"https:\/\/www.le-mag-travaux.com\/blog\/wp-json\/wp\/v2\/posts\/6228\/revisions\/6231"}],"wp:featuredmedia":[{"embeddable":true,"href":"https:\/\/www.le-mag-travaux.com\/blog\/wp-json\/wp\/v2\/media\/6230"}],"wp:attachment":[{"href":"https:\/\/www.le-mag-travaux.com\/blog\/wp-json\/wp\/v2\/media?parent=6228"}],"wp:term":[{"taxonomy":"category","embeddable":true,"href":"https:\/\/www.le-mag-travaux.com\/blog\/wp-json\/wp\/v2\/categories?post=6228"},{"taxonomy":"post_tag","embeddable":true,"href":"https:\/\/www.le-mag-travaux.com\/blog\/wp-json\/wp\/v2\/tags?post=6228"}],"curies":[{"name":"wp","href":"https:\/\/api.w.org\/{rel}","templated":true}]}}