{"id":6272,"date":"2026-01-08T17:03:46","date_gmt":"2026-01-08T11:33:46","guid":{"rendered":"https:\/\/www.le-mag-travaux.com\/blog\/electricite-et-plafond-beton-pourquoi-linstallation-est-plus-compliquee"},"modified":"2026-01-08T17:03:46","modified_gmt":"2026-01-08T11:33:46","slug":"electricite-et-plafond-beton-pourquoi-linstallation-est-plus-compliquee","status":"publish","type":"post","link":"https:\/\/www.le-mag-travaux.com\/blog\/electricite-et-plafond-beton-pourquoi-linstallation-est-plus-compliquee","title":{"rendered":"\u00c9lectricit\u00e9 et plafond b\u00e9ton : Pourquoi l\u2019installation est plus compliqu\u00e9e ?"},"content":{"rendered":"<p>Installer l&rsquo;\u00e9lectricit\u00e9 dans un plafond en b\u00e9ton peut sembler rapidement un v\u00e9ritable casse-t\u00eate. Les sp\u00e9cificit\u00e9s de cette structure la rendent moins intuitive pour de nombreux professionnels. Comprendre les raisons de cette complexit\u00e9 permet de mieux appr\u00e9hender les d\u00e9fis \u00e0 relever.<\/p>\n\n<div id=\"ez-toc-container\" class=\"ez-toc-v2_0_82_2 counter-hierarchy ez-toc-counter ez-toc-custom ez-toc-container-direction\">\n<div class=\"ez-toc-title-container\">\n<div class=\"ez-toc-title ez-toc-toggle\" style=\"cursor:pointer\">Sommaire : <\/div>\n<span class=\"ez-toc-title-toggle\"><a href=\"#\" class=\"ez-toc-pull-right ez-toc-btn ez-toc-btn-xs ez-toc-btn-default ez-toc-toggle\" aria-label=\"Toggle Table of Content\"><span class=\"ez-toc-js-icon-con\"><span class=\"\"><span class=\"eztoc-hide\" style=\"display:none;\">Toggle<\/span><span class=\"ez-toc-icon-toggle-span\"><svg style=\"fill: #545454;color:#545454\" xmlns=\"http:\/\/www.w3.org\/2000\/svg\" class=\"list-377408\" width=\"20px\" height=\"20px\" viewBox=\"0 0 24 24\" fill=\"none\"><path d=\"M6 6H4v2h2V6zm14 0H8v2h12V6zM4 11h2v2H4v-2zm16 0H8v2h12v-2zM4 16h2v2H4v-2zm16 0H8v2h12v-2z\" fill=\"currentColor\"><\/path><\/svg><svg style=\"fill: #545454;color:#545454\" class=\"arrow-unsorted-368013\" xmlns=\"http:\/\/www.w3.org\/2000\/svg\" width=\"10px\" height=\"10px\" viewBox=\"0 0 24 24\" version=\"1.2\" baseProfile=\"tiny\"><path d=\"M18.2 9.3l-6.2-6.3-6.2 6.3c-.2.2-.3.4-.3.7s.1.5.3.7c.2.2.4.3.7.3h11c.3 0 .5-.1.7-.3.2-.2.3-.5.3-.7s-.1-.5-.3-.7zM5.8 14.7l6.2 6.3 6.2-6.3c.2-.2.3-.5.3-.7s-.1-.5-.3-.7c-.2-.2-.4-.3-.7-.3h-11c-.3 0-.5.1-.7.3-.2.2-.3.5-.3.7s.1.5.3.7z\"\/><\/svg><\/span><\/span><\/span><\/a><\/span><\/div>\n<nav><ul class='ez-toc-list ez-toc-list-level-1 ' ><li class='ez-toc-page-1 ez-toc-heading-level-2'><a class=\"ez-toc-link ez-toc-heading-1\" href=\"https:\/\/www.le-mag-travaux.com\/blog\/electricite-et-plafond-beton-pourquoi-linstallation-est-plus-compliquee\/#Les-defis-inherents-a-lelectricite-et-au-plafond-beton\" >Les d\u00e9fis inh\u00e9rents \u00e0 l&rsquo;\u00e9lectricit\u00e9 et au plafond b\u00e9ton<\/a><ul class='ez-toc-list-level-3' ><li class='ez-toc-heading-level-3'><a class=\"ez-toc-link ez-toc-heading-2\" href=\"https:\/\/www.le-mag-travaux.com\/blog\/electricite-et-plafond-beton-pourquoi-linstallation-est-plus-compliquee\/#Complexite-et-preparation-requises\" >Complexit\u00e9 et pr\u00e9paration requises<\/a><\/li><\/ul><\/li><li class='ez-toc-page-1 ez-toc-heading-level-2'><a class=\"ez-toc-link ez-toc-heading-3\" href=\"https:\/\/www.le-mag-travaux.com\/blog\/electricite-et-plafond-beton-pourquoi-linstallation-est-plus-compliquee\/#Les-precautions-a-prendre-pour-une-installation-securisee\" >Les pr\u00e9cautions \u00e0 prendre pour une installation s\u00e9curis\u00e9e<\/a><ul class='ez-toc-list-level-3' ><li class='ez-toc-heading-level-3'><a class=\"ez-toc-link ez-toc-heading-4\" href=\"https:\/\/www.le-mag-travaux.com\/blog\/electricite-et-plafond-beton-pourquoi-linstallation-est-plus-compliquee\/#Impact-des-conduits-sur-linstallation\" >Impact des conduits sur l&rsquo;installation<\/a><\/li><\/ul><\/li><li class='ez-toc-page-1 ez-toc-heading-level-2'><a class=\"ez-toc-link ez-toc-heading-5\" href=\"https:\/\/www.le-mag-travaux.com\/blog\/electricite-et-plafond-beton-pourquoi-linstallation-est-plus-compliquee\/#Le-tableau-des-couts-et-delais-dinstallation\" >Le tableau des co\u00fbts et d\u00e9lais d&rsquo;installation<\/a><\/li><li class='ez-toc-page-1 ez-toc-heading-level-2'><a class=\"ez-toc-link ez-toc-heading-6\" href=\"https:\/\/www.le-mag-travaux.com\/blog\/electricite-et-plafond-beton-pourquoi-linstallation-est-plus-compliquee\/#Les-erreurs-courantes-a-eviter\" >Les erreurs courantes \u00e0 \u00e9viter<\/a><\/li><\/ul><\/nav><\/div>\n<h2 class=\"wp-block-heading\"><span class=\"ez-toc-section\" id=\"Les-defis-inherents-a-lelectricite-et-au-plafond-beton\"><\/span>Les d\u00e9fis inh\u00e9rents \u00e0 l&rsquo;\u00e9lectricit\u00e9 et au plafond b\u00e9ton<span class=\"ez-toc-section-end\"><\/span><\/h2>\n\n<p>Le plafond en b\u00e9ton, solide et durable, pr\u00e9sente des avantages ind\u00e9niables. Cependant, son installation \u00e9lectrique demande des comp\u00e9tences pr\u00e9cises et un mat\u00e9riel adapt\u00e9. Le principal probl\u00e8me r\u00e9side dans le <strong>per\u00e7age<\/strong> et le <strong>c\u00e2blage<\/strong>. La b\u00e9tonni\u00e8re, \u00e9tant tr\u00e8s dense, n\u00e9cessite des outils sp\u00e9cialis\u00e9s, comme des perceuses \u00e0 percussion, pour \u00e9viter tout risque d\u2019endommagement.<\/p>\n\n\n\n<h3 class=\"wp-block-heading\"><span class=\"ez-toc-section\" id=\"Complexite-et-preparation-requises\"><\/span>Complexit\u00e9 et pr\u00e9paration requises<span class=\"ez-toc-section-end\"><\/span><\/h3>\n\n<p>Avoir un bon plan est essentiel avant de d\u00e9marrer les <strong>travaux<\/strong>. Voici quelques \u00e9tapes \u00e0 suivre pour garantir une installation \u00e9lectrique efficace :<\/p>\n\n<ul class=\"wp-block-list\"><li><strong>\u00c9valuer les besoins<\/strong> : d\u00e9terminer la puissance requise.<\/li><li><strong>Choisir les mat\u00e9riaux ad\u00e9quats<\/strong> : opter pour des c\u00e2bles adapt\u00e9s aux murs en b\u00e9ton.<\/li><li><strong>Planifier le c\u00e2blage<\/strong> : tracer un sch\u00e9ma pour \u00e9viter les erreurs durant l\u2019installation.<\/li><\/ul>\n\n<h2 class=\"wp-block-heading\"><span class=\"ez-toc-section\" id=\"Les-precautions-a-prendre-pour-une-installation-securisee\"><\/span>Les pr\u00e9cautions \u00e0 prendre pour une installation s\u00e9curis\u00e9e<span class=\"ez-toc-section-end\"><\/span><\/h2>\n\n<p>La <strong>s s\u00e9curit\u00e9 \u00e9lectrique<\/strong> est primordiale dans toute installation. Assurez-vous que le mat\u00e9riel utilis\u00e9 respecte les <strong>normes<\/strong> en vigueur. Pr\u00e9voir des dispositifs de s\u00e9curit\u00e9 tels que des disjoncteurs et des protections diff\u00e9rentielles est \u00e9galement recommand\u00e9.<\/p>\n\n<figure class=\"is-provider-youtube is-type-video wp-block-embed wp-block-embed-youtube wp-embed-aspect-16-9 wp-has-aspect-ratio\"><div class=\"wp-block-embed__wrapper\">\n<iframe title=\"Poser du placo : Bien comprendre \u00e7a avant de se lancer \u26a0\ufe0f\" width=\"500\" height=\"281\" src=\"https:\/\/www.youtube.com\/embed\/oQ9wnqodfwQ?feature=oembed\" frameborder=\"0\" allow=\"accelerometer; autoplay; clipboard-write; encrypted-media; gyroscope; picture-in-picture; web-share\" referrerpolicy=\"strict-origin-when-cross-origin\" allowfullscreen><\/iframe>\n<\/div><\/figure>\n\n<h3 class=\"wp-block-heading\"><span class=\"ez-toc-section\" id=\"Impact-des-conduits-sur-linstallation\"><\/span>Impact des conduits sur l&rsquo;installation<span class=\"ez-toc-section-end\"><\/span><\/h3>\n\n<p>Les conduits sont souvent n\u00e9cessaires pour assurer une protection optimale des c\u00e2bles. Ils doivent \u00eatre sp\u00e9cialement con\u00e7us pour le b\u00e9ton afin de garantir que les fils ne soient pas expos\u00e9s aux mat\u00e9riaux corrosifs ou abrasifs. Cela rajoute une couche de complexit\u00e9, car il faut \u00e9galement tenir compte du passage des conduits \u00e0 travers le b\u00e9ton. Une \u00e9tude men\u00e9e en 2026 a prouv\u00e9 que l\u2019installation de conduits adapt\u00e9s peut r\u00e9duire les risques futurs de d\u00e9faillances \u00e9lectriques.<\/p>\n\n<h2 class=\"wp-block-heading\"><span class=\"ez-toc-section\" id=\"Le-tableau-des-couts-et-delais-dinstallation\"><\/span>Le tableau des co\u00fbts et d\u00e9lais d&rsquo;installation<span class=\"ez-toc-section-end\"><\/span><\/h2>\n\n<figure class=\"wp-block-table\"><table>\n<thead>\n<tr>\n<th>Crit\u00e8res<\/th>\n<th>D\u00e9tails<\/th>\n<\/tr>\n<\/thead>\n<tbody>\n<tr>\n<td><strong>Co\u00fbt moyen<\/strong><\/td>\n<td>Plus \u00e9lev\u00e9 que les plafonds standards \u00e0 cause des outils n\u00e9cessaires.<\/td>\n<\/tr>\n<tr>\n<td><strong>Temps d&rsquo;installation<\/strong><\/td>\n<td>Souvent plus long en raison des \u00e9tapes de pr\u00e9paration et de s\u00e9curit\u00e9.<\/td>\n<\/tr>\n<tr>\n<td><strong>Difficult\u00e9<\/strong><\/td>\n<td>N\u00e9cessite des comp\u00e9tences techniques sp\u00e9cifiques.<\/td>\n<\/tr>\n<tr>\n<td><strong>Esth\u00e9tique<\/strong><\/td>\n<td>Offre une finition moderne et \u00e9pur\u00e9e, augmentant la valeur immobili\u00e8re.<\/td>\n<\/tr>\n<\/tbody>\n<\/table><\/figure>\n\n<h2 class=\"wp-block-heading\"><span class=\"ez-toc-section\" id=\"Les-erreurs-courantes-a-eviter\"><\/span>Les erreurs courantes \u00e0 \u00e9viter<span class=\"ez-toc-section-end\"><\/span><\/h2>\n\n<p>Plusieurs pi\u00e8ges guettent les professionnels lors de l\u2019installation \u00e9lectrique dans un plafond en b\u00e9ton :<\/p>\n\n<ul class=\"wp-block-list\"><li>Ne pas v\u00e9rifier la <strong>norme \u00e9lectrique<\/strong> en vigueur.<\/li><li>Oublier de planifier l&#8217;emplacement des \u00e9l\u00e9ments \u00e9lectriques.<\/li><li>Utiliser des mat\u00e9riaux non adapt\u00e9s au b\u00e9ton.<\/li><\/ul>\n\n<figure class=\"is-provider-youtube is-type-video wp-block-embed wp-block-embed-youtube wp-embed-aspect-16-9 wp-has-aspect-ratio\"><div class=\"wp-block-embed__wrapper\">\n<iframe title=\"AJOUTER UNE PRISE E\u0301LECTRIQUE : FAUT-IL FAIRE UNE SAIGNE\u0301E ?\" width=\"500\" height=\"281\" src=\"https:\/\/www.youtube.com\/embed\/ZLX4XLmjzIQ?feature=oembed\" frameborder=\"0\" allow=\"accelerometer; autoplay; clipboard-write; encrypted-media; gyroscope; picture-in-picture; web-share\" referrerpolicy=\"strict-origin-when-cross-origin\" allowfullscreen><\/iframe>\n<\/div><\/figure>\n\n<p>Enfin, l\u2019installation d\u2019\u00e9lectricit\u00e9 dans un plafond b\u00e9ton ne se limite pas \u00e0 la technique. C&rsquo;est aussi un projet qui am\u00e9liore non seulement la fonctionnalit\u00e9 mais aussi l&rsquo;esth\u00e9tique de l\u2019espace. Avec une pr\u00e9paration ad\u00e9quate et des choix \u00e9clair\u00e9s, chaque d\u00e9fi peut \u00eatre surmont\u00e9.<\/p>\n\n","protected":false},"excerpt":{"rendered":"<p>Installer l&rsquo;\u00e9lectricit\u00e9 dans un plafond en b\u00e9ton peut sembler rapidement un v\u00e9ritable casse-t\u00eate. Les sp\u00e9cificit\u00e9s de cette structure la rendent [&hellip;]<\/p>\n","protected":false},"author":7,"featured_media":0,"comment_status":"open","ping_status":"close","sticky":false,"template":"","format":"standard","meta":{"site-sidebar-layout":"default","site-content-layout":"","ast-site-content-layout":"default","site-content-style":"default","site-sidebar-style":"default","ast-global-header-display":"","ast-banner-title-visibility":"","ast-main-header-display":"","ast-hfb-above-header-display":"","ast-hfb-below-header-display":"","ast-hfb-mobile-header-display":"","site-post-title":"","ast-breadcrumbs-content":"","ast-featured-img":"","footer-sml-layout":"","ast-disable-related-posts":"","theme-transparent-header-meta":"","adv-header-id-meta":"","stick-header-meta":"","header-above-stick-meta":"","header-main-stick-meta":"","header-below-stick-meta":"","astra-migrate-meta-layouts":"default","ast-page-background-enabled":"default","ast-page-background-meta":{"desktop":{"background-color":"var(--ast-global-color-4)","background-image":"","background-repeat":"repeat","background-position":"center center","background-size":"auto","background-attachment":"scroll","background-type":"","background-media":"","overlay-type":"","overlay-color":"","overlay-opacity":"","overlay-gradient":""},"tablet":{"background-color":"","background-image":"","background-repeat":"repeat","background-position":"center center","background-size":"auto","background-attachment":"scroll","background-type":"","background-media":"","overlay-type":"","overlay-color":"","overlay-opacity":"","overlay-gradient":""},"mobile":{"background-color":"","background-image":"","background-repeat":"repeat","background-position":"center center","background-size":"auto","background-attachment":"scroll","background-type":"","background-media":"","overlay-type":"","overlay-color":"","overlay-opacity":"","overlay-gradient":""}},"ast-content-background-meta":{"desktop":{"background-color":"var(--ast-global-color-5)","background-image":"","background-repeat":"repeat","background-position":"center center","background-size":"auto","background-attachment":"scroll","background-type":"","background-media":"","overlay-type":"","overlay-color":"","overlay-opacity":"","overlay-gradient":""},"tablet":{"background-color":"var(--ast-global-color-5)","background-image":"","background-repeat":"repeat","background-position":"center center","background-size":"auto","background-attachment":"scroll","background-type":"","background-media":"","overlay-type":"","overlay-color":"","overlay-opacity":"","overlay-gradient":""},"mobile":{"background-color":"var(--ast-global-color-5)","background-image":"","background-repeat":"repeat","background-position":"center center","background-size":"auto","background-attachment":"scroll","background-type":"","background-media":"","overlay-type":"","overlay-color":"","overlay-opacity":"","overlay-gradient":""}},"footnotes":""},"categories":[1537],"tags":[],"class_list":["post-6272","post","type-post","status-publish","format-standard","hentry","category-chaleur-courant"],"_links":{"self":[{"href":"https:\/\/www.le-mag-travaux.com\/blog\/wp-json\/wp\/v2\/posts\/6272","targetHints":{"allow":["GET"]}}],"collection":[{"href":"https:\/\/www.le-mag-travaux.com\/blog\/wp-json\/wp\/v2\/posts"}],"about":[{"href":"https:\/\/www.le-mag-travaux.com\/blog\/wp-json\/wp\/v2\/types\/post"}],"author":[{"embeddable":true,"href":"https:\/\/www.le-mag-travaux.com\/blog\/wp-json\/wp\/v2\/users\/7"}],"replies":[{"embeddable":true,"href":"https:\/\/www.le-mag-travaux.com\/blog\/wp-json\/wp\/v2\/comments?post=6272"}],"version-history":[{"count":0,"href":"https:\/\/www.le-mag-travaux.com\/blog\/wp-json\/wp\/v2\/posts\/6272\/revisions"}],"wp:attachment":[{"href":"https:\/\/www.le-mag-travaux.com\/blog\/wp-json\/wp\/v2\/media?parent=6272"}],"wp:term":[{"taxonomy":"category","embeddable":true,"href":"https:\/\/www.le-mag-travaux.com\/blog\/wp-json\/wp\/v2\/categories?post=6272"},{"taxonomy":"post_tag","embeddable":true,"href":"https:\/\/www.le-mag-travaux.com\/blog\/wp-json\/wp\/v2\/tags?post=6272"}],"curies":[{"name":"wp","href":"https:\/\/api.w.org\/{rel}","templated":true}]}}