{"id":6275,"date":"2026-01-11T17:05:31","date_gmt":"2026-01-11T11:35:31","guid":{"rendered":"https:\/\/www.le-mag-travaux.com\/blog\/pourquoi-votre-seche-linge-est-un-gouffre-energetique-astuces-pour-reduire-sa-consommation"},"modified":"2026-01-11T17:05:31","modified_gmt":"2026-01-11T11:35:31","slug":"pourquoi-votre-seche-linge-est-un-gouffre-energetique-astuces-pour-reduire-sa-consommation","status":"publish","type":"post","link":"https:\/\/www.le-mag-travaux.com\/blog\/pourquoi-votre-seche-linge-est-un-gouffre-energetique-astuces-pour-reduire-sa-consommation","title":{"rendered":"Pourquoi votre s\u00e8che-linge est un gouffre \u00e9nerg\u00e9tique ? Astuces pour r\u00e9duire sa consommation"},"content":{"rendered":"<p>Le <strong>s\u00e8che-linge<\/strong> est devenu un incontournable dans de nombreux foyers, surtout durant les mois humides ou pour ceux manquant d&rsquo;espace. Pourtant, cet <strong>appareil \u00e9lectrom\u00e9nager<\/strong> s&rsquo;av\u00e8re souvent \u00eatre un v\u00e9ritable <strong>gouffre \u00e9nerg\u00e9tique<\/strong>. En effet, sa consommation d&rsquo;\u00e9nergie peut faire grimper la facture d&rsquo;\u00e9lectricit\u00e9, sans que l&rsquo;on s\u2019en rende r\u00e9ellement compte.<\/p>\n\n<div id=\"ez-toc-container\" class=\"ez-toc-v2_0_82_2 counter-hierarchy ez-toc-counter ez-toc-custom ez-toc-container-direction\">\n<div class=\"ez-toc-title-container\">\n<div class=\"ez-toc-title ez-toc-toggle\" style=\"cursor:pointer\">Sommaire : <\/div>\n<span class=\"ez-toc-title-toggle\"><a href=\"#\" class=\"ez-toc-pull-right ez-toc-btn ez-toc-btn-xs ez-toc-btn-default ez-toc-toggle\" aria-label=\"Toggle Table of Content\"><span class=\"ez-toc-js-icon-con\"><span class=\"\"><span class=\"eztoc-hide\" style=\"display:none;\">Toggle<\/span><span class=\"ez-toc-icon-toggle-span\"><svg style=\"fill: #545454;color:#545454\" xmlns=\"http:\/\/www.w3.org\/2000\/svg\" class=\"list-377408\" width=\"20px\" height=\"20px\" viewBox=\"0 0 24 24\" fill=\"none\"><path d=\"M6 6H4v2h2V6zm14 0H8v2h12V6zM4 11h2v2H4v-2zm16 0H8v2h12v-2zM4 16h2v2H4v-2zm16 0H8v2h12v-2z\" fill=\"currentColor\"><\/path><\/svg><svg style=\"fill: #545454;color:#545454\" class=\"arrow-unsorted-368013\" xmlns=\"http:\/\/www.w3.org\/2000\/svg\" width=\"10px\" height=\"10px\" viewBox=\"0 0 24 24\" version=\"1.2\" baseProfile=\"tiny\"><path d=\"M18.2 9.3l-6.2-6.3-6.2 6.3c-.2.2-.3.4-.3.7s.1.5.3.7c.2.2.4.3.7.3h11c.3 0 .5-.1.7-.3.2-.2.3-.5.3-.7s-.1-.5-.3-.7zM5.8 14.7l6.2 6.3 6.2-6.3c.2-.2.3-.5.3-.7s-.1-.5-.3-.7c-.2-.2-.4-.3-.7-.3h-11c-.3 0-.5.1-.7.3-.2.2-.3.5-.3.7s.1.5.3.7z\"\/><\/svg><\/span><\/span><\/span><\/a><\/span><\/div>\n<nav><ul class='ez-toc-list ez-toc-list-level-1 ' ><li class='ez-toc-page-1 ez-toc-heading-level-2'><a class=\"ez-toc-link ez-toc-heading-1\" href=\"https:\/\/www.le-mag-travaux.com\/blog\/pourquoi-votre-seche-linge-est-un-gouffre-energetique-astuces-pour-reduire-sa-consommation\/#Les-differents-types-de-seche-linges-et-leurs-consommations\" >Les diff\u00e9rents types de s\u00e8che-linges et leurs consommations<\/a><ul class='ez-toc-list-level-3' ><li class='ez-toc-heading-level-3'><a class=\"ez-toc-link ez-toc-heading-2\" href=\"https:\/\/www.le-mag-travaux.com\/blog\/pourquoi-votre-seche-linge-est-un-gouffre-energetique-astuces-pour-reduire-sa-consommation\/#Letiquette-energie-un-outil-decisif\" >L&rsquo;\u00e9tiquette \u00e9nergie : un outil d\u00e9cisif<\/a><\/li><\/ul><\/li><li class='ez-toc-page-1 ez-toc-heading-level-2'><a class=\"ez-toc-link ez-toc-heading-3\" href=\"https:\/\/www.le-mag-travaux.com\/blog\/pourquoi-votre-seche-linge-est-un-gouffre-energetique-astuces-pour-reduire-sa-consommation\/#Facteurs-influencant-la-consommation-dun-seche-linge\" >Facteurs influen\u00e7ant la consommation d&rsquo;un s\u00e8che-linge<\/a><ul class='ez-toc-list-level-3' ><li class='ez-toc-heading-level-3'><a class=\"ez-toc-link ez-toc-heading-4\" href=\"https:\/\/www.le-mag-travaux.com\/blog\/pourquoi-votre-seche-linge-est-un-gouffre-energetique-astuces-pour-reduire-sa-consommation\/#Optimiser-lutilisation-pour-reduire-la-consommation\" >Optimiser l&rsquo;utilisation pour r\u00e9duire la consommation<\/a><\/li><\/ul><\/li><li class='ez-toc-page-1 ez-toc-heading-level-2'><a class=\"ez-toc-link ez-toc-heading-5\" href=\"https:\/\/www.le-mag-travaux.com\/blog\/pourquoi-votre-seche-linge-est-un-gouffre-energetique-astuces-pour-reduire-sa-consommation\/#Les-enjeux-de-la-reduction-de-la-consommation\" >Les enjeux de la r\u00e9duction de la consommation<\/a><\/li><\/ul><\/nav><\/div>\n<h2 class=\"wp-block-heading\"><span class=\"ez-toc-section\" id=\"Les-differents-types-de-seche-linges-et-leurs-consommations\"><\/span>Les diff\u00e9rents types de s\u00e8che-linges et leurs consommations<span class=\"ez-toc-section-end\"><\/span><\/h2>\n\n<p>Il existe trois grandes cat\u00e9gories de s\u00e8che-linges, chacune ayant un impact \u00e9nerg\u00e9tique diff\u00e9rent :<\/p>\n\n<ul class=\"wp-block-list\"><li><strong>S\u00e8che-linge \u00e0 \u00e9vacuation<\/strong> : Ce mod\u00e8le classique peut consommer jusqu&rsquo;\u00e0 697 kWh\/an, le rendant moins \u00e9conomique \u00e0 long terme.<\/li><li><strong>S\u00e8che-linge \u00e0 condensation<\/strong> : Plus courant dans les appartements, il atteint environ 560 kWh\/an, ce qui est meilleur que le mod\u00e8le \u00e0 \u00e9vacuation.<\/li><li><strong>S\u00e8che-linge \u00e0 pompe \u00e0 chaleur<\/strong> : Ce mod\u00e8le innovant utilise l&rsquo;air ambiant pour s\u00e9cher le linge et peut consommer seulement 176 kWh\/an, soit une r\u00e9duction significative de consommation.<\/li><\/ul>\n\n\n\n<h3 class=\"wp-block-heading\"><span class=\"ez-toc-section\" id=\"Letiquette-energie-un-outil-decisif\"><\/span>L&rsquo;\u00e9tiquette \u00e9nergie : un outil d\u00e9cisif<span class=\"ez-toc-section-end\"><\/span><\/h3>\n\n<p>L&rsquo;\u00e9tiquette \u00e9nergie pr\u00e9sente sur chaque appareil est essentielle pour faire un choix \u00e9clair\u00e9. Elle indique non seulement le classement \u00e9nerg\u00e9tique allant de A \u00e0 G, mais aussi la consommation estim\u00e9e pour 100 cycles. En 2025, les nouvelles normes ont simplifi\u00e9 cette \u00e9tiquette pour mieux refl\u00e9ter les \u00e9carts de consommation.<\/p>\n\n<p>Pour l&rsquo;achat d&rsquo;un s\u00e8che-linge, un appareil class\u00e9 A consomme jusqu&rsquo;\u00e0 50% d&rsquo;\u00e9nergie en moins comparativement \u00e0 un B ou C. Cela peut repr\u00e9senter jusqu&rsquo;\u00e0 800 euros d&rsquo;\u00e9conomie sur la dur\u00e9e de vie de l&rsquo;appareil.<\/p>\n\n<figure class=\"is-provider-youtube is-type-video wp-block-embed wp-block-embed-youtube wp-embed-aspect-16-9 wp-has-aspect-ratio\"><div class=\"wp-block-embed__wrapper\">\n<iframe title=\"\ud83d\udd0e Comment choisir mon s\u00e8che-linge ? Tous les conseils et astuces pour l&#039;achat de votre machine\" width=\"500\" height=\"281\" src=\"https:\/\/www.youtube.com\/embed\/oloY-LCQ8Fk?feature=oembed\" frameborder=\"0\" allow=\"accelerometer; autoplay; clipboard-write; encrypted-media; gyroscope; picture-in-picture; web-share\" referrerpolicy=\"strict-origin-when-cross-origin\" allowfullscreen><\/iframe>\n<\/div><\/figure>\n\n<h2 class=\"wp-block-heading\"><span class=\"ez-toc-section\" id=\"Facteurs-influencant-la-consommation-dun-seche-linge\"><\/span>Facteurs influen\u00e7ant la consommation d&rsquo;un s\u00e8che-linge<span class=\"ez-toc-section-end\"><\/span><\/h2>\n\n<p>Plusieurs \u00e9l\u00e9ments impactent la consommation d&rsquo;\u00e9nergie :<\/p>\n\n<figure class=\"wp-block-table\"><table>\n<thead>\n<tr>\n<th>Facteur<\/th>\n<th>Impact<\/th>\n<\/tr>\n<\/thead>\n<tbody>\n<tr>\n<td>Puissance \u00e9lectrique<\/td>\n<td>Appareils plus puissants consomment plus d&rsquo;\u00e9nergie.<\/td>\n<\/tr>\n<tr>\n<td>Capacit\u00e9 de chargement<\/td>\n<td>Un remplissage optimal r\u00e9duit le nombre de cycles.<\/td>\n<\/tr>\n<tr>\n<td>Dur\u00e9e des cycles<\/td>\n<td>Des programmes plus longs entra\u00eenent une consommation accrue.<\/td>\n<\/tr>\n<\/tbody>\n<\/table><\/figure>\n\n<h3 class=\"wp-block-heading\"><span class=\"ez-toc-section\" id=\"Optimiser-lutilisation-pour-reduire-la-consommation\"><\/span>Optimiser l&rsquo;utilisation pour r\u00e9duire la consommation<span class=\"ez-toc-section-end\"><\/span><\/h3>\n\n<p>Il est possible de diminuer la consommation d&rsquo;\u00e9nergie et de faire des \u00e9conomies substantielles gr\u00e2ce \u00e0 quelques astuces \u00e9cologiques :<\/p>\n\n<ul class=\"wp-block-list\"><li><strong>Optimiser l&rsquo;essorage<\/strong> : Un linge bien essor\u00e9 n\u00e9cessite moins de temps de s\u00e9chage.<\/li><li><strong>Programmer pendant les heures creuses<\/strong> : Profiter des tarifs avantageux permet d\u2019all\u00e9ger la facture.<\/li><li><strong>Entretenir r\u00e9guli\u00e8rement l&rsquo;appareil<\/strong> : Nettoyer les filtres am\u00e9liore son efficacit\u00e9.<\/li><li><strong>S\u00e9cher \u00e0 l&rsquo;air libre<\/strong> : Lorsque la m\u00e9t\u00e9o le permet, c&rsquo;est l&rsquo;option la plus \u00e9conomique.<\/li><\/ul>\n\n<h2 class=\"wp-block-heading\"><span class=\"ez-toc-section\" id=\"Les-enjeux-de-la-reduction-de-la-consommation\"><\/span>Les enjeux de la r\u00e9duction de la consommation<span class=\"ez-toc-section-end\"><\/span><\/h2>\n\n<p>En r\u00e9duisant la consommation d&rsquo;\u00e9nergie de son s\u00e8che-linge, l&rsquo;impact environnemental est \u00e9galement positif. Moins d&rsquo;\u00e9nergie utilis\u00e9e signifie moins de ressources gaspill\u00e9es et une empreinte carbone all\u00e9g\u00e9e. Il est donc essentiel de comprendre l&rsquo;importance d&rsquo;un appareil performant et d&rsquo;adopter des r\u00e9flexes ad\u00e9quats.<\/p>\n\n<p>Pour en savoir plus sur la consommation et des r\u00e9glages efficaces, vous pouvez consulter des ressources comme <a href=\"https:\/\/www.le-mag-travaux.com\/blog\/seche-linge-et-consommation-electrique-les-reglages-secrets-pour-economiser\">ce guide sur les r\u00e9glages de votre s\u00e8che-linge<\/a> ou <a href=\"https:\/\/www.le-mag-travaux.com\/blog\/pourquoi-votre-seche-linge-consomme-trop-delectricite-et-comment-y-remedier\">cet article expliquant comment r\u00e9soudre les probl\u00e8mes de consommation excessive<\/a>.<\/p>\n\n\n\n<figure class=\"is-provider-youtube is-type-video wp-block-embed wp-block-embed-youtube wp-embed-aspect-16-9 wp-has-aspect-ratio\"><div class=\"wp-block-embed__wrapper\">\n<iframe title=\"5 astuces pour d\u00e9penser moins avec son s\u00e8che-linge\" width=\"500\" height=\"281\" src=\"https:\/\/www.youtube.com\/embed\/urK-UdyRUaA?feature=oembed\" frameborder=\"0\" allow=\"accelerometer; autoplay; clipboard-write; encrypted-media; gyroscope; picture-in-picture; web-share\" referrerpolicy=\"strict-origin-when-cross-origin\" allowfullscreen><\/iframe>\n<\/div><\/figure>\n\n","protected":false},"excerpt":{"rendered":"<p>Le s\u00e8che-linge est devenu un incontournable dans de nombreux foyers, surtout durant les mois humides ou pour ceux manquant d&rsquo;espace. [&hellip;]<\/p>\n","protected":false},"author":7,"featured_media":0,"comment_status":"open","ping_status":"close","sticky":false,"template":"","format":"standard","meta":{"site-sidebar-layout":"default","site-content-layout":"","ast-site-content-layout":"default","site-content-style":"default","site-sidebar-style":"default","ast-global-header-display":"","ast-banner-title-visibility":"","ast-main-header-display":"","ast-hfb-above-header-display":"","ast-hfb-below-header-display":"","ast-hfb-mobile-header-display":"","site-post-title":"","ast-breadcrumbs-content":"","ast-featured-img":"","footer-sml-layout":"","ast-disable-related-posts":"","theme-transparent-header-meta":"","adv-header-id-meta":"","stick-header-meta":"","header-above-stick-meta":"","header-main-stick-meta":"","header-below-stick-meta":"","astra-migrate-meta-layouts":"default","ast-page-background-enabled":"default","ast-page-background-meta":{"desktop":{"background-color":"var(--ast-global-color-4)","background-image":"","background-repeat":"repeat","background-position":"center center","background-size":"auto","background-attachment":"scroll","background-type":"","background-media":"","overlay-type":"","overlay-color":"","overlay-opacity":"","overlay-gradient":""},"tablet":{"background-color":"","background-image":"","background-repeat":"repeat","background-position":"center center","background-size":"auto","background-attachment":"scroll","background-type":"","background-media":"","overlay-type":"","overlay-color":"","overlay-opacity":"","overlay-gradient":""},"mobile":{"background-color":"","background-image":"","background-repeat":"repeat","background-position":"center center","background-size":"auto","background-attachment":"scroll","background-type":"","background-media":"","overlay-type":"","overlay-color":"","overlay-opacity":"","overlay-gradient":""}},"ast-content-background-meta":{"desktop":{"background-color":"var(--ast-global-color-5)","background-image":"","background-repeat":"repeat","background-position":"center center","background-size":"auto","background-attachment":"scroll","background-type":"","background-media":"","overlay-type":"","overlay-color":"","overlay-opacity":"","overlay-gradient":""},"tablet":{"background-color":"var(--ast-global-color-5)","background-image":"","background-repeat":"repeat","background-position":"center center","background-size":"auto","background-attachment":"scroll","background-type":"","background-media":"","overlay-type":"","overlay-color":"","overlay-opacity":"","overlay-gradient":""},"mobile":{"background-color":"var(--ast-global-color-5)","background-image":"","background-repeat":"repeat","background-position":"center center","background-size":"auto","background-attachment":"scroll","background-type":"","background-media":"","overlay-type":"","overlay-color":"","overlay-opacity":"","overlay-gradient":""}},"footnotes":""},"categories":[1537],"tags":[],"class_list":["post-6275","post","type-post","status-publish","format-standard","hentry","category-chaleur-courant"],"_links":{"self":[{"href":"https:\/\/www.le-mag-travaux.com\/blog\/wp-json\/wp\/v2\/posts\/6275","targetHints":{"allow":["GET"]}}],"collection":[{"href":"https:\/\/www.le-mag-travaux.com\/blog\/wp-json\/wp\/v2\/posts"}],"about":[{"href":"https:\/\/www.le-mag-travaux.com\/blog\/wp-json\/wp\/v2\/types\/post"}],"author":[{"embeddable":true,"href":"https:\/\/www.le-mag-travaux.com\/blog\/wp-json\/wp\/v2\/users\/7"}],"replies":[{"embeddable":true,"href":"https:\/\/www.le-mag-travaux.com\/blog\/wp-json\/wp\/v2\/comments?post=6275"}],"version-history":[{"count":0,"href":"https:\/\/www.le-mag-travaux.com\/blog\/wp-json\/wp\/v2\/posts\/6275\/revisions"}],"wp:attachment":[{"href":"https:\/\/www.le-mag-travaux.com\/blog\/wp-json\/wp\/v2\/media?parent=6275"}],"wp:term":[{"taxonomy":"category","embeddable":true,"href":"https:\/\/www.le-mag-travaux.com\/blog\/wp-json\/wp\/v2\/categories?post=6275"},{"taxonomy":"post_tag","embeddable":true,"href":"https:\/\/www.le-mag-travaux.com\/blog\/wp-json\/wp\/v2\/tags?post=6275"}],"curies":[{"name":"wp","href":"https:\/\/api.w.org\/{rel}","templated":true}]}}